{"id":88858,"date":"2020-09-04T11:30:52","date_gmt":"2020-09-04T14:30:52","guid":{"rendered":"https:\/\/www.cordobatimes.com\/showup\/?p=88858"},"modified":"2020-09-04T11:30:52","modified_gmt":"2020-09-04T14:30:52","slug":"maria-becerra-tini-y-lola-lanzaron-el-remix-de-high","status":"publish","type":"post","link":"https:\/\/www.cordobatimes.com\/showup\/musica\/2020\/09\/04\/maria-becerra-tini-y-lola-lanzaron-el-remix-de-high\/","title":{"rendered":"Mar\u00eda Becerra, Tini y Lola lanzaron el remix de \u201cHigh\u201d"},"content":{"rendered":"<h3><strong>Las artistas anunciaron un directo en Instagram para hablar acerca del lanzamiento y reaccionar en directo junto a sus seguidores.<\/strong><\/h3>\n<p><iframe loading=\"lazy\" src=\"https:\/\/www.youtube.com\/embed\/ijMxPCOdnDI\" width=\"560\" height=\"315\" frameborder=\"0\" allowfullscreen=\"allowfullscreen\"><\/iframe><\/p>\n<p>Lanzado en noviembre de 2019, \u201cHigh\u201d ya suma m\u00e1s de 48 millones de reproducciones en el canal de YouTube de la artista oriunda de Quilmes,\u00a0Mar\u00eda Becerra. Ahora, tres de septiembre, es turno de la presentaci\u00f3n de su remix oficial, en colaboraci\u00f3n con\u00a0Tini Stoessel y\u00a0la artista espa\u00f1ola de 28 a\u00f1os,\u00a0Lola \u00cdndigo. El single, producido por\u00a0The Big One, estar\u00e1 disponible a trav\u00e9s de todas las plataformas\u00a0a partir de las 20:00hs.<\/p>\n<p>Esta uni\u00f3n llega un d\u00eda antes del lanzamiento del tambi\u00e9n remix de \u201cEn Tu Cuerpo\u201d, en el que la autora de \u201cT\u00fa Me Lo Haces F\u00e1cil\u201d y \u201cPerdidamente\u201d colaborar\u00e1 junto a\u00a0Lyanno, Leny Tav\u00e1rez y Rauw Alejandro.<\/p>\n<p>Recientemente, el videoclip del antes mencioado \u201cT\u00fa Me Lo Haces F\u00e1cil\u201d, ha logrado sumar m\u00e1s de nueve millones de visitas en YouTube y 4.5 millones de reproducciones en Spotify. Sus otros sencillos, \u201cPerdidamente\u201d, \u201cDejemos Que Pase\u201d y \u201cDime Como Hago\u201d, han recibido cerca de 100 millones de streams entre todas las plataformas digitales.<\/p>\n<p><iframe loading=\"lazy\" src=\"https:\/\/www.youtube.com\/embed\/dwFErlULaJ0\" width=\"560\" height=\"315\" frameborder=\"0\" allowfullscreen=\"allowfullscreen\"><\/iframe><\/p>\n","protected":false},"excerpt":{"rendered":"<p>Las artistas anunciaron un directo en Instagram para hablar acerca del lanzamiento y reaccionar en directo junto a sus seguidores. Lanzado en noviembre de 2019, \u201cHigh\u201d ya suma m\u00e1s de 48 millones de reproducciones en el canal de YouTube de la artista oriunda de Quilmes,\u00a0Mar\u00eda Becerra. Ahora, tres de septiembre, es turno de la presentaci\u00f3n [&hellip;]<\/p>\n","protected":false},"author":1,"featured_media":88859,"comment_status":"closed","ping_status":"closed","sticky":false,"template":"","format":"standard","meta":{"_seopress_robots_primary_cat":"","_seopress_titles_title":"","_seopress_titles_desc":"","_seopress_robots_index":"","footnotes":""},"categories":[5],"tags":[32361,32360],"class_list":{"0":"post-88858","1":"post","2":"type-post","3":"status-publish","4":"format-standard","5":"has-post-thumbnail","7":"category-musica","8":"tag-maria-becerra-tini-y-lola-remix-de-high","9":"tag-remix-de-high"},"_links":{"self":[{"href":"https:\/\/www.cordobatimes.com\/showup\/wp-json\/wp\/v2\/posts\/88858","targetHints":{"allow":["GET"]}}],"collection":[{"href":"https:\/\/www.cordobatimes.com\/showup\/wp-json\/wp\/v2\/posts"}],"about":[{"href":"https:\/\/www.cordobatimes.com\/showup\/wp-json\/wp\/v2\/types\/post"}],"author":[{"embeddable":true,"href":"https:\/\/www.cordobatimes.com\/showup\/wp-json\/wp\/v2\/users\/1"}],"replies":[{"embeddable":true,"href":"https:\/\/www.cordobatimes.com\/showup\/wp-json\/wp\/v2\/comments?post=88858"}],"version-history":[{"count":0,"href":"https:\/\/www.cordobatimes.com\/showup\/wp-json\/wp\/v2\/posts\/88858\/revisions"}],"wp:featuredmedia":[{"embeddable":true,"href":"https:\/\/www.cordobatimes.com\/showup\/wp-json\/wp\/v2\/media\/88859"}],"wp:attachment":[{"href":"https:\/\/www.cordobatimes.com\/showup\/wp-json\/wp\/v2\/media?parent=88858"}],"wp:term":[{"taxonomy":"category","embeddable":true,"href":"https:\/\/www.cordobatimes.com\/showup\/wp-json\/wp\/v2\/categories?post=88858"},{"taxonomy":"post_tag","embeddable":true,"href":"https:\/\/www.cordobatimes.com\/showup\/wp-json\/wp\/v2\/tags?post=88858"}],"curies":[{"name":"wp","href":"https:\/\/api.w.org\/{rel}","templated":true}]}}