{"id":88822,"date":"2020-09-03T11:26:56","date_gmt":"2020-09-03T14:26:56","guid":{"rendered":"https:\/\/www.cordobatimes.com\/showup\/?p=88822"},"modified":"2020-09-03T11:26:56","modified_gmt":"2020-09-03T14:26:56","slug":"como-fue-la-alfombra-roja-del-festival-de-cine-de-venecia","status":"publish","type":"post","link":"https:\/\/www.cordobatimes.com\/showup\/cine-y-series\/2020\/09\/03\/como-fue-la-alfombra-roja-del-festival-de-cine-de-venecia\/","title":{"rendered":"C\u00f3mo fu\u00e9 la alfombra roja del Festival de cine de Venecia"},"content":{"rendered":"<h3><strong>Sin fans aplaudiendo a sus estrellas favoritas y con distancia social entre las celebridades.<\/strong><\/h3>\n<p>La alfombra roja del Festival de cine de Venecia, por la que cada a\u00f1o desfilan las grandes estrellas del cine mundial, se convirti\u00f3 este mi\u00e9rcoles\u00a0 en una inusual fortaleza, con barreras para evitar aglomeraciones de p\u00fablico, aunque por ella pasaron Tilda Swinton y Cate Blanchett.<\/p>\n<p><img alt=\"\" loading=\"lazy\" decoding=\"async\" class=\"alignnone size-medium wp-image-88824\" src=\"https:\/\/www.cordobatimes.com\/showup\/wp-content\/uploads\/2020\/09\/S7CDFXOVC5HLPHLESRTIZM7E5M-747x420.jpg\" alt=\"\" width=\"747\" height=\"420\" srcset=\"https:\/\/www.cordobatimes.com\/showup\/wp-content\/uploads\/2020\/09\/S7CDFXOVC5HLPHLESRTIZM7E5M-747x420.jpg 747w, https:\/\/www.cordobatimes.com\/showup\/wp-content\/uploads\/2020\/09\/S7CDFXOVC5HLPHLESRTIZM7E5M-1024x576.jpg 1024w, https:\/\/www.cordobatimes.com\/showup\/wp-content\/uploads\/2020\/09\/S7CDFXOVC5HLPHLESRTIZM7E5M-768x432.jpg 768w, https:\/\/www.cordobatimes.com\/showup\/wp-content\/uploads\/2020\/09\/S7CDFXOVC5HLPHLESRTIZM7E5M-696x392.jpg 696w, https:\/\/www.cordobatimes.com\/showup\/wp-content\/uploads\/2020\/09\/S7CDFXOVC5HLPHLESRTIZM7E5M-1068x601.jpg 1068w, https:\/\/www.cordobatimes.com\/showup\/wp-content\/uploads\/2020\/09\/S7CDFXOVC5HLPHLESRTIZM7E5M.jpg 1440w\" sizes=\"auto, (max-width: 747px) 100vw, 747px\" \/><\/p>\n<p>El Palacio del Cine del Lido veneciano es el lugar donde tuvo lugar la gala de inauguraci\u00f3n de la 77 edici\u00f3n del Festival, que transcurre envuelto en potentes medidas de seguridad para evitar eventuales contagios de coronavirus. Una de estas, inesperada, ha consistido en levantar\u00a0barreras a lo largo de la alfombra roja para ahorrarse las aglomeraciones de p\u00fablico y de seguidores que cada a\u00f1o se arremolinan ante sus verjas para ver a sus \u00eddolos o conseguir un aut\u00f3grafo o una foto suyas.<\/p>\n<p>As\u00ed, el panorama minutos antes de la gala distaba mucho del de las pasadas ediciones, entonces con cientos de personas, j\u00f3venes en su mayor\u00eda, coreando los nombres de sus actores y actrices preferidas. Este mi\u00e9rcoles solo algunas personas trataban de colar la mirada por algunas rendijas de las verjas o ve\u00edan pasar los lujosos coches con cristales oscuros que llevan a los invitados hasta el lugar.<\/p>\n<p>Los \u00fanicos gritos eran de los fot\u00f3grafos que trataban de tomar una buena instant\u00e1nea, todos de traje negro y mascarilla del mismo color. Este mi\u00e9rcoles por\u00a0 la tarde fue el gran momento de Tilda Swinton, la aut\u00e9ntica estrella sobre la alfombra pues acud\u00eda a recoger el Le\u00f3n de Oro honor\u00edfico a toda su carrera. Acudi\u00f3 vestida con un conjunto de falda negra larga y una blusa blanca con volados en el cuello y cubri\u00e9ndose el rostro con una m\u00e1scara de mano dorada en forma de mariposa que recordaba a las tradicionales que se fabrican en Venecia.<\/p>\n<p><img alt=\"\" loading=\"lazy\" decoding=\"async\" class=\"alignnone wp-image-88825 size-full\" src=\"https:\/\/www.cordobatimes.com\/showup\/wp-content\/uploads\/2020\/09\/HANZSTE33VC4LBO7LRMBLZJWZU.jpeg\" alt=\"\" width=\"1440\" height=\"960\" srcset=\"https:\/\/www.cordobatimes.com\/showup\/wp-content\/uploads\/2020\/09\/HANZSTE33VC4LBO7LRMBLZJWZU.jpeg 1440w, https:\/\/www.cordobatimes.com\/showup\/wp-content\/uploads\/2020\/09\/HANZSTE33VC4LBO7LRMBLZJWZU-630x420.jpeg 630w, https:\/\/www.cordobatimes.com\/showup\/wp-content\/uploads\/2020\/09\/HANZSTE33VC4LBO7LRMBLZJWZU-1024x683.jpeg 1024w, https:\/\/www.cordobatimes.com\/showup\/wp-content\/uploads\/2020\/09\/HANZSTE33VC4LBO7LRMBLZJWZU-768x512.jpeg 768w, https:\/\/www.cordobatimes.com\/showup\/wp-content\/uploads\/2020\/09\/HANZSTE33VC4LBO7LRMBLZJWZU-696x464.jpeg 696w, https:\/\/www.cordobatimes.com\/showup\/wp-content\/uploads\/2020\/09\/HANZSTE33VC4LBO7LRMBLZJWZU-1068x712.jpeg 1068w\" sizes=\"auto, (max-width: 1440px) 100vw, 1440px\" \/><\/p>\n<p>Tambi\u00e9n brill\u00f3 la australiana\u00a0Cate Blanchett, presidenta del jurado de la Selecci\u00f3n Oficial, con un largo vestido negro con brillo con anchas mangas ribeteadas en blanco y que solo se quit\u00f3 una sencilla mascarilla quir\u00fargica para posar ante la prensa.<\/p>\n<p><img alt=\"\" loading=\"lazy\" decoding=\"async\" class=\"alignnone wp-image-88826 size-full\" src=\"https:\/\/www.cordobatimes.com\/showup\/wp-content\/uploads\/2020\/09\/FMM4HT4QSZFHTMVCETEVXOIRGE.jpeg\" alt=\"\" width=\"1440\" height=\"2160\" srcset=\"https:\/\/www.cordobatimes.com\/showup\/wp-content\/uploads\/2020\/09\/FMM4HT4QSZFHTMVCETEVXOIRGE.jpeg 1440w, https:\/\/www.cordobatimes.com\/showup\/wp-content\/uploads\/2020\/09\/FMM4HT4QSZFHTMVCETEVXOIRGE-280x420.jpeg 280w, https:\/\/www.cordobatimes.com\/showup\/wp-content\/uploads\/2020\/09\/FMM4HT4QSZFHTMVCETEVXOIRGE-683x1024.jpeg 683w, https:\/\/www.cordobatimes.com\/showup\/wp-content\/uploads\/2020\/09\/FMM4HT4QSZFHTMVCETEVXOIRGE-768x1152.jpeg 768w, https:\/\/www.cordobatimes.com\/showup\/wp-content\/uploads\/2020\/09\/FMM4HT4QSZFHTMVCETEVXOIRGE-1024x1536.jpeg 1024w, https:\/\/www.cordobatimes.com\/showup\/wp-content\/uploads\/2020\/09\/FMM4HT4QSZFHTMVCETEVXOIRGE-1365x2048.jpeg 1365w, https:\/\/www.cordobatimes.com\/showup\/wp-content\/uploads\/2020\/09\/FMM4HT4QSZFHTMVCETEVXOIRGE-696x1044.jpeg 696w, https:\/\/www.cordobatimes.com\/showup\/wp-content\/uploads\/2020\/09\/FMM4HT4QSZFHTMVCETEVXOIRGE-1068x1602.jpeg 1068w\" sizes=\"auto, (max-width: 1440px) 100vw, 1440px\" \/><\/p>\n<p>En la alfombra roja se trat\u00f3 de respetar la distancia personal entre quienes desfilaban por ella, incluso en los momentos de la foto de equipo de las pel\u00edculas que se estrenaron.<\/p>\n<p><img alt=\"\" loading=\"lazy\" decoding=\"async\" class=\"alignnone size-medium wp-image-88827\" src=\"https:\/\/www.cordobatimes.com\/showup\/wp-content\/uploads\/2020\/09\/2KOHMVJIQRB7PNJYHLD6HHS4KY-729x420.jpeg\" alt=\"\" width=\"729\" height=\"420\" srcset=\"https:\/\/www.cordobatimes.com\/showup\/wp-content\/uploads\/2020\/09\/2KOHMVJIQRB7PNJYHLD6HHS4KY-729x420.jpeg 729w, https:\/\/www.cordobatimes.com\/showup\/wp-content\/uploads\/2020\/09\/2KOHMVJIQRB7PNJYHLD6HHS4KY-1024x590.jpeg 1024w, https:\/\/www.cordobatimes.com\/showup\/wp-content\/uploads\/2020\/09\/2KOHMVJIQRB7PNJYHLD6HHS4KY-768x443.jpeg 768w, https:\/\/www.cordobatimes.com\/showup\/wp-content\/uploads\/2020\/09\/2KOHMVJIQRB7PNJYHLD6HHS4KY-696x401.jpeg 696w, https:\/\/www.cordobatimes.com\/showup\/wp-content\/uploads\/2020\/09\/2KOHMVJIQRB7PNJYHLD6HHS4KY-1068x616.jpeg 1068w, https:\/\/www.cordobatimes.com\/showup\/wp-content\/uploads\/2020\/09\/2KOHMVJIQRB7PNJYHLD6HHS4KY.jpeg 1440w\" sizes=\"auto, (max-width: 729px) 100vw, 729px\" \/><\/p>\n","protected":false},"excerpt":{"rendered":"<p>Sin fans aplaudiendo a sus estrellas favoritas y con distancia social entre las celebridades. La alfombra roja del Festival de cine de Venecia, por la que cada a\u00f1o desfilan las grandes estrellas del cine mundial, se convirti\u00f3 este mi\u00e9rcoles\u00a0 en una inusual fortaleza, con barreras para evitar aglomeraciones de p\u00fablico, aunque por ella pasaron Tilda [&hellip;]<\/p>\n","protected":false},"author":1,"featured_media":88823,"comment_status":"closed","ping_status":"closed","sticky":false,"template":"","format":"standard","meta":{"_seopress_robots_primary_cat":"","_seopress_titles_title":"","_seopress_titles_desc":"","_seopress_robots_index":"","footnotes":""},"categories":[3],"tags":[32348,32349],"class_list":{"0":"post-88822","1":"post","2":"type-post","3":"status-publish","4":"format-standard","5":"has-post-thumbnail","7":"category-cine-y-series","8":"tag-alfombra-roja-del-festival-de-cine-de-venecia","9":"tag-festival-de-cine-de-venecia-2020"},"_links":{"self":[{"href":"https:\/\/www.cordobatimes.com\/showup\/wp-json\/wp\/v2\/posts\/88822","targetHints":{"allow":["GET"]}}],"collection":[{"href":"https:\/\/www.cordobatimes.com\/showup\/wp-json\/wp\/v2\/posts"}],"about":[{"href":"https:\/\/www.cordobatimes.com\/showup\/wp-json\/wp\/v2\/types\/post"}],"author":[{"embeddable":true,"href":"https:\/\/www.cordobatimes.com\/showup\/wp-json\/wp\/v2\/users\/1"}],"replies":[{"embeddable":true,"href":"https:\/\/www.cordobatimes.com\/showup\/wp-json\/wp\/v2\/comments?post=88822"}],"version-history":[{"count":0,"href":"https:\/\/www.cordobatimes.com\/showup\/wp-json\/wp\/v2\/posts\/88822\/revisions"}],"wp:featuredmedia":[{"embeddable":true,"href":"https:\/\/www.cordobatimes.com\/showup\/wp-json\/wp\/v2\/media\/88823"}],"wp:attachment":[{"href":"https:\/\/www.cordobatimes.com\/showup\/wp-json\/wp\/v2\/media?parent=88822"}],"wp:term":[{"taxonomy":"category","embeddable":true,"href":"https:\/\/www.cordobatimes.com\/showup\/wp-json\/wp\/v2\/categories?post=88822"},{"taxonomy":"post_tag","embeddable":true,"href":"https:\/\/www.cordobatimes.com\/showup\/wp-json\/wp\/v2\/tags?post=88822"}],"curies":[{"name":"wp","href":"https:\/\/api.w.org\/{rel}","templated":true}]}}