{"id":88739,"date":"2020-08-28T10:36:28","date_gmt":"2020-08-28T13:36:28","guid":{"rendered":"https:\/\/www.cordobatimes.com\/showup\/?p=88739"},"modified":"2020-08-28T10:36:28","modified_gmt":"2020-08-28T13:36:28","slug":"los-primeros-detalles-de-la-serie-live-action-del-famoso-videojuego-resident-evil","status":"publish","type":"post","link":"https:\/\/www.cordobatimes.com\/showup\/cine-y-series\/2020\/08\/28\/los-primeros-detalles-de-la-serie-live-action-del-famoso-videojuego-resident-evil\/","title":{"rendered":"Los primeros detalles de la serie live action del famoso videojuego Resident Evil"},"content":{"rendered":"<h3><strong>Luego de que la producci\u00f3n estuviera paralizada durante algunos meses, Netflix confirm\u00f3 la realizaci\u00f3n de la adaptaci\u00f3n seriada de la franquicia.\u00a0<\/strong><\/h3>\n<p>A principios de 2019 se comenz\u00f3 a hablar de una ficci\u00f3n en \u2018acci\u00f3n real\u2019 de\u00a0Resident Evil, la famosa franquicia de videojuegos y pel\u00edculas. Y si bien parec\u00eda que el proyecto hab\u00eda quedado paralizado,\u00a0Netflix\u00a0confirm\u00f3 oficialmente que ya se encuentra trabajando en esta serie y comparti\u00f3 los primeros detalles.<\/p>\n<p>La primera temporada constar\u00e1 de ocho episodios y la trama estar\u00e1 dividida en dos l\u00edneas temporales: una precuela y una secuela de las pel\u00edculas. En la primera l\u00ednea temporal las adolescentes Jade y Billie Wasker se encuentran reci\u00e9n llegadas a New Raccoon City y pronto comenzar\u00e1n a percibir que no todo es lo que parece y que su padre esconde algunos secretos.<\/p>\n<p>En cuanto a la segunda l\u00ednea temporal, esta tiene lugar 10 a\u00f1os en el futuro, luego de que un virus arrase con la humanidad dejando tan s\u00f3lo quince millones de personas vivas y 6 millones de infectados. Jade intentar\u00e1 sobrevivir a este Nuevo Mundo mientras los secretos familiares contin\u00faan persigui\u00e9ndola.<\/p>\n<p>La serie estar\u00e1 producida por Constantin Film y escrita por Andrew Dabb, que ser\u00e1 tambi\u00e9n el showrunner y productor ejecutivo. Dabb se declar\u00f3 fan del videojuego original y prometi\u00f3 una serie a la altura de las expectativas de los fans pero que tambi\u00e9n podr\u00e1n disfrutar los ajenos a la franquicia. A\u00fan se desconocen el reparto y la fecha de comienzo del rodaje.<\/p>\n","protected":false},"excerpt":{"rendered":"<p>Luego de que la producci\u00f3n estuviera paralizada durante algunos meses, Netflix confirm\u00f3 la realizaci\u00f3n de la adaptaci\u00f3n seriada de la franquicia.\u00a0 A principios de 2019 se comenz\u00f3 a hablar de una ficci\u00f3n en \u2018acci\u00f3n real\u2019 de\u00a0Resident Evil, la famosa franquicia de videojuegos y pel\u00edculas. Y si bien parec\u00eda que el proyecto hab\u00eda quedado paralizado,\u00a0Netflix\u00a0confirm\u00f3 oficialmente [&hellip;]<\/p>\n","protected":false},"author":1,"featured_media":88740,"comment_status":"closed","ping_status":"closed","sticky":false,"template":"","format":"standard","meta":{"_seopress_robots_primary_cat":"","_seopress_titles_title":"","_seopress_titles_desc":"","_seopress_robots_index":"","footnotes":""},"categories":[3],"tags":[32325,32326],"class_list":{"0":"post-88739","1":"post","2":"type-post","3":"status-publish","4":"format-standard","5":"has-post-thumbnail","7":"category-cine-y-series","8":"tag-serie-live-action-del-famoso-videojuego-resident-evil","9":"tag-serie-live-action-delvideojuego-resident-evil"},"_links":{"self":[{"href":"https:\/\/www.cordobatimes.com\/showup\/wp-json\/wp\/v2\/posts\/88739","targetHints":{"allow":["GET"]}}],"collection":[{"href":"https:\/\/www.cordobatimes.com\/showup\/wp-json\/wp\/v2\/posts"}],"about":[{"href":"https:\/\/www.cordobatimes.com\/showup\/wp-json\/wp\/v2\/types\/post"}],"author":[{"embeddable":true,"href":"https:\/\/www.cordobatimes.com\/showup\/wp-json\/wp\/v2\/users\/1"}],"replies":[{"embeddable":true,"href":"https:\/\/www.cordobatimes.com\/showup\/wp-json\/wp\/v2\/comments?post=88739"}],"version-history":[{"count":0,"href":"https:\/\/www.cordobatimes.com\/showup\/wp-json\/wp\/v2\/posts\/88739\/revisions"}],"wp:featuredmedia":[{"embeddable":true,"href":"https:\/\/www.cordobatimes.com\/showup\/wp-json\/wp\/v2\/media\/88740"}],"wp:attachment":[{"href":"https:\/\/www.cordobatimes.com\/showup\/wp-json\/wp\/v2\/media?parent=88739"}],"wp:term":[{"taxonomy":"category","embeddable":true,"href":"https:\/\/www.cordobatimes.com\/showup\/wp-json\/wp\/v2\/categories?post=88739"},{"taxonomy":"post_tag","embeddable":true,"href":"https:\/\/www.cordobatimes.com\/showup\/wp-json\/wp\/v2\/tags?post=88739"}],"curies":[{"name":"wp","href":"https:\/\/api.w.org\/{rel}","templated":true}]}}