{"id":88733,"date":"2020-08-27T18:43:52","date_gmt":"2020-08-27T21:43:52","guid":{"rendered":"https:\/\/www.cordobatimes.com\/showup\/?p=88733"},"modified":"2020-08-27T19:28:13","modified_gmt":"2020-08-27T22:28:13","slug":"lali-no-participara-del-remix-con-omar-montes","status":"publish","type":"post","link":"https:\/\/www.cordobatimes.com\/showup\/musica\/2020\/08\/27\/lali-no-participara-del-remix-con-omar-montes\/","title":{"rendered":"Lali no participar\u00e1 del remix con Omar Montes"},"content":{"rendered":"<h3><strong>Chema Rivas anunci\u00f3 que \u00abMil Tequilas\u00bb ya no contar\u00e1 con la co<\/strong><\/h3>\n<p>La artista internacional tom\u00f3 una decisi\u00f3n. El 12 de agosto, se dio a conocer que Esp\u00f3sito participar\u00eda del \u00abMil Tequilas Remix\u00bb con Omar Montes. Los fan\u00e1ticos de la voz de \u00abFascinada\u00bb estallaron de furia y le advirtieron a Lali que el espa\u00f1ol hab\u00eda sido denunciado por violencia de g\u00e9nero en 2016. Quien se present\u00f3 ante la Justicia fue su misma ex pareja y madre de su hijo.<\/p>\n<p><img alt=\"\" loading=\"lazy\" decoding=\"async\" class=\"alignnone size-medium wp-image-88735\" src=\"https:\/\/www.cordobatimes.com\/showup\/wp-content\/uploads\/2020\/08\/f768x1-72189_72316_5050-630x420.jpg\" alt=\"\" width=\"630\" height=\"420\" srcset=\"https:\/\/www.cordobatimes.com\/showup\/wp-content\/uploads\/2020\/08\/f768x1-72189_72316_5050-630x420.jpg 630w, https:\/\/www.cordobatimes.com\/showup\/wp-content\/uploads\/2020\/08\/f768x1-72189_72316_5050-696x464.jpg 696w, https:\/\/www.cordobatimes.com\/showup\/wp-content\/uploads\/2020\/08\/f768x1-72189_72316_5050.jpg 768w\" sizes=\"auto, (max-width: 630px) 100vw, 630px\" \/><\/p>\n<p>Dos semanas despu\u00e9s, Chema Rivas, autor de \u00abMil Tequilas\u00bb, anunci\u00f3 a trav\u00e9s de historias de Instagram que la cantante se baj\u00f3 de la colaboraci\u00f3n. \u00abB\u00e1sicamente llevamos tres meses buscando fecha para grabar videoclip y se va posponiendo m\u00e1s y m\u00e1s.\u00a0Yo creo que el remix merece m\u00e1s atenci\u00f3n del que se le ha puesto\u00bb, comenz\u00f3.<\/p>\n<blockquote class=\"twitter-tweet\">\n<p dir=\"ltr\" lang=\"es\">Lali iba a estar en el remix de una canci\u00f3n con este y Omar Montes quien tiene denuncias por violencia de g\u00e9nero, pero al enterarse decidi\u00f3 bajarse. Ven por qu\u00e9 tienen que valorar m\u00e1s a Lali? <a href=\"https:\/\/t.co\/OjUTJRhwfS\">pic.twitter.com\/OjUTJRhwfS<\/a><\/p>\n<p>\u2014 gabe (@dangerousbrava) <a href=\"https:\/\/twitter.com\/dangerousbrava\/status\/1299002301886029826?ref_src=twsrc%5Etfw\">August 27, 2020<\/a><\/p><\/blockquote>\n<p><script async src=\"https:\/\/platform.twitter.com\/widgets.js\" charset=\"utf-8\"><\/script><\/p>\n<p>Acto seguido, omiti\u00f3 el verdadero motivo de la decisi\u00f3n de Lali: \u00abNo es nada personal. Sin embargo, Omar Montes, desde el primer momento, me dio su palabra. Ese remix va pa&#8217; la calle y lo voy a tener muy pronto\u00bb, asegur\u00f3.<\/p>\n<blockquote class=\"twitter-tweet\">\n<p dir=\"ltr\" lang=\"es\">Y ustedes se quieren matar por que lali cancelo el remix ? Este pibe indirectamente la trata de mala profesional. LEJOS DE ESTA GENTE POR FAVOR.<br \/>\nGracias Lali \u2764 <a href=\"https:\/\/t.co\/yLtReuuQUZ\">pic.twitter.com\/yLtReuuQUZ<\/a><\/p>\n<p>\u2014 Luli \ud83d\udd2e (@AnittaxLali) <a href=\"https:\/\/twitter.com\/AnittaxLali\/status\/1299003320191905792?ref_src=twsrc%5Etfw\">August 27, 2020<\/a><\/p><\/blockquote>\n<p><script async src=\"https:\/\/platform.twitter.com\/widgets.js\" charset=\"utf-8\"><\/script><\/p>\n<p>Adem\u00e1s, Rivas subi\u00f3 a su historia un tercer video en el que se burla de la artista: \u00abOficialmente se podr\u00eda decir que Lali, out\u00bb. Sin embargo, en menos de cinco minutos, Chema lo borr\u00f3.<\/p>\n<blockquote class=\"twitter-tweet\">\n<p dir=\"ltr\" lang=\"es\">Despu\u00e9s de la polemica, LALI se baj\u00f3 de Mil tequilas Remix con Omar Montes, denunciado por violencia de genero. Minutos despu\u00e9s del anuncio Chema Rivas se burla de la cantante y despu\u00e9s elimina la publicaci\u00f3n. <a href=\"https:\/\/t.co\/owTUMIY4a2\">pic.twitter.com\/owTUMIY4a2<\/a><\/p>\n<p>\u2014 Tu m\u00fasica ARG (@tumusicaarg) <a href=\"https:\/\/twitter.com\/tumusicaarg\/status\/1299021076417130501?ref_src=twsrc%5Etfw\">August 27, 2020<\/a><\/p><\/blockquote>\n<p><script async src=\"https:\/\/platform.twitter.com\/widgets.js\" charset=\"utf-8\"><\/script><\/p>\n<p>Ante la inmensa aprobaci\u00f3n, los fan\u00e1ticos de Esp\u00f3sito la convirtieron en tendencia en Twitter con m\u00e1s de 23 mil tuits en menos de una hora.<\/p>\n","protected":false},"excerpt":{"rendered":"<p>Chema Rivas anunci\u00f3 que \u00abMil Tequilas\u00bb ya no contar\u00e1 con la co La artista internacional tom\u00f3 una decisi\u00f3n. El 12 de agosto, se dio a conocer que Esp\u00f3sito participar\u00eda del \u00abMil Tequilas Remix\u00bb con Omar Montes. Los fan\u00e1ticos de la voz de \u00abFascinada\u00bb estallaron de furia y le advirtieron a Lali que el espa\u00f1ol hab\u00eda [&hellip;]<\/p>\n","protected":false},"author":1,"featured_media":88734,"comment_status":"closed","ping_status":"closed","sticky":false,"template":"","format":"standard","meta":{"_seopress_robots_primary_cat":"","_seopress_titles_title":"","_seopress_titles_desc":"","_seopress_robots_index":"","footnotes":""},"categories":[5],"tags":[32324,32322,32321],"class_list":{"0":"post-88733","1":"post","2":"type-post","3":"status-publish","4":"format-standard","5":"has-post-thumbnail","7":"category-musica","8":"tag-lali-esposito-remix-de-mil-tequilas","9":"tag-lali-esposito-y-omar-montes","10":"tag-lali-no-participara-del-remix-con-omar-montes"},"_links":{"self":[{"href":"https:\/\/www.cordobatimes.com\/showup\/wp-json\/wp\/v2\/posts\/88733","targetHints":{"allow":["GET"]}}],"collection":[{"href":"https:\/\/www.cordobatimes.com\/showup\/wp-json\/wp\/v2\/posts"}],"about":[{"href":"https:\/\/www.cordobatimes.com\/showup\/wp-json\/wp\/v2\/types\/post"}],"author":[{"embeddable":true,"href":"https:\/\/www.cordobatimes.com\/showup\/wp-json\/wp\/v2\/users\/1"}],"replies":[{"embeddable":true,"href":"https:\/\/www.cordobatimes.com\/showup\/wp-json\/wp\/v2\/comments?post=88733"}],"version-history":[{"count":0,"href":"https:\/\/www.cordobatimes.com\/showup\/wp-json\/wp\/v2\/posts\/88733\/revisions"}],"wp:featuredmedia":[{"embeddable":true,"href":"https:\/\/www.cordobatimes.com\/showup\/wp-json\/wp\/v2\/media\/88734"}],"wp:attachment":[{"href":"https:\/\/www.cordobatimes.com\/showup\/wp-json\/wp\/v2\/media?parent=88733"}],"wp:term":[{"taxonomy":"category","embeddable":true,"href":"https:\/\/www.cordobatimes.com\/showup\/wp-json\/wp\/v2\/categories?post=88733"},{"taxonomy":"post_tag","embeddable":true,"href":"https:\/\/www.cordobatimes.com\/showup\/wp-json\/wp\/v2\/tags?post=88733"}],"curies":[{"name":"wp","href":"https:\/\/api.w.org\/{rel}","templated":true}]}}