{"id":88720,"date":"2020-08-25T13:38:24","date_gmt":"2020-08-25T16:38:24","guid":{"rendered":"https:\/\/www.cordobatimes.com\/showup\/?p=88720"},"modified":"2020-08-25T13:38:24","modified_gmt":"2020-08-25T16:38:24","slug":"tendencias-para-adelantarnos-a-la-primavera","status":"publish","type":"post","link":"https:\/\/www.cordobatimes.com\/showup\/moda-y-estilos\/2020\/08\/25\/tendencias-para-adelantarnos-a-la-primavera\/","title":{"rendered":"Tendencias para adelantarnos a la primavera"},"content":{"rendered":"<h3>\u00a0<strong>Tips de estilo\u00a0 para poner a prueba antes de la temporada Primavera Verano 2021.<\/strong><\/h3>\n<p>Con la llegada de los d\u00edas m\u00e1s calurosos, la pr\u00f3xima temporada se adelanta y con ella las ganas de usar ropa m\u00e1s liviana. Todo sin olvidar la pandemia que obliga a replantearnos constantemente nuestro look.<\/p>\n<p>Despu\u00e9s de 150 d\u00edas de encierro, todas las personas empiezan a\u00a0cuestionar su estilo. No es para menos: m\u00e1s all\u00e1 de que marcas y fashionistas se esfuercen\u00a0al m\u00e1ximo para generar contenido \u00fatil en tiempos de pandemia, nos sentimos cada vez m\u00e1s\u00a0distantes de la necesidad de vestirse para impresionar.<\/p>\n<h3><strong>PENS\u00c1 EN GRANDE<\/strong><\/h3>\n<p>Si la sastrer\u00eda es oversize, apost\u00e1 por joyer\u00edas de tama\u00f1o XXL tambi\u00e9n; el resultado es un efecto girl boss moderna.<\/p>\n<p><img alt=\"\" loading=\"lazy\" decoding=\"async\" class=\"alignnone wp-image-88722 size-full\" src=\"https:\/\/www.cordobatimes.com\/showup\/wp-content\/uploads\/2020\/08\/tendencias-de-primavera-por-carla-bugarin-995886.jpg\" alt=\"\" width=\"900\" height=\"500\" srcset=\"https:\/\/www.cordobatimes.com\/showup\/wp-content\/uploads\/2020\/08\/tendencias-de-primavera-por-carla-bugarin-995886.jpg 900w, https:\/\/www.cordobatimes.com\/showup\/wp-content\/uploads\/2020\/08\/tendencias-de-primavera-por-carla-bugarin-995886-750x417.jpg 750w, https:\/\/www.cordobatimes.com\/showup\/wp-content\/uploads\/2020\/08\/tendencias-de-primavera-por-carla-bugarin-995886-756x420.jpg 756w, https:\/\/www.cordobatimes.com\/showup\/wp-content\/uploads\/2020\/08\/tendencias-de-primavera-por-carla-bugarin-995886-768x427.jpg 768w, https:\/\/www.cordobatimes.com\/showup\/wp-content\/uploads\/2020\/08\/tendencias-de-primavera-por-carla-bugarin-995886-696x387.jpg 696w\" sizes=\"auto, (max-width: 900px) 100vw, 900px\" \/><\/p>\n<h3><strong>VERSATILIDAD\u00a0<\/strong><\/h3>\n<p>Una manera de reutilizar vestidos de fiesta en ocasiones menos formales (por ejemplo, una fiesta virtual) es machearlo con elementos b\u00e1sicos:\u00a0la remera con hombreras\u00a0es un plus, y los accesorios en dorado hacen el equilibrio perfecto.<\/p>\n<p><img alt=\"\" loading=\"lazy\" decoding=\"async\" class=\"alignnone wp-image-88721 size-full\" src=\"https:\/\/www.cordobatimes.com\/showup\/wp-content\/uploads\/2020\/08\/tendencias-de-primavera-por-carla-bugarin-995887.jpg\" alt=\"\" width=\"900\" height=\"754\" srcset=\"https:\/\/www.cordobatimes.com\/showup\/wp-content\/uploads\/2020\/08\/tendencias-de-primavera-por-carla-bugarin-995887.jpg 900w, https:\/\/www.cordobatimes.com\/showup\/wp-content\/uploads\/2020\/08\/tendencias-de-primavera-por-carla-bugarin-995887-501x420.jpg 501w, https:\/\/www.cordobatimes.com\/showup\/wp-content\/uploads\/2020\/08\/tendencias-de-primavera-por-carla-bugarin-995887-768x643.jpg 768w, https:\/\/www.cordobatimes.com\/showup\/wp-content\/uploads\/2020\/08\/tendencias-de-primavera-por-carla-bugarin-995887-696x583.jpg 696w\" sizes=\"auto, (max-width: 900px) 100vw, 900px\" \/><\/p>\n<p>&nbsp;<\/p>\n<h3><strong>EN CONTRA DEL ABURRIMIENTO\u2026 \u00a1FLECOS!<\/strong><\/h3>\n<p>La mejor arma en contra del aburrimiento es\u00a0la ropa poco convencional. \u00bfEst\u00e1s aburrida despu\u00e9s de una larga semana de encierro comunitario? La\u00a0ropa con personalidad te ayudan a sobrevivir un d\u00eda m\u00e1s.<\/p>\n<p><img alt=\"\" loading=\"lazy\" decoding=\"async\" class=\"alignnone wp-image-88723 size-full\" src=\"https:\/\/www.cordobatimes.com\/showup\/wp-content\/uploads\/2020\/08\/tendencias-de-primavera-por-carla-bugarin-995888.jpg\" alt=\"\" width=\"900\" height=\"754\" srcset=\"https:\/\/www.cordobatimes.com\/showup\/wp-content\/uploads\/2020\/08\/tendencias-de-primavera-por-carla-bugarin-995888.jpg 900w, https:\/\/www.cordobatimes.com\/showup\/wp-content\/uploads\/2020\/08\/tendencias-de-primavera-por-carla-bugarin-995888-501x420.jpg 501w, https:\/\/www.cordobatimes.com\/showup\/wp-content\/uploads\/2020\/08\/tendencias-de-primavera-por-carla-bugarin-995888-768x643.jpg 768w, https:\/\/www.cordobatimes.com\/showup\/wp-content\/uploads\/2020\/08\/tendencias-de-primavera-por-carla-bugarin-995888-696x583.jpg 696w\" sizes=\"auto, (max-width: 900px) 100vw, 900px\" \/><\/p>\n<p>&nbsp;<\/p>\n<h3><strong>EL AMOR ES ROJO<\/strong><\/h3>\n<p>\u00bfQui\u00e9n decide c\u00f3mo y cu\u00e1ndo usar tus mejores looks? Exactamente, vos misma. Entonces, no importa si usas\u00a0tu vestido rojo solamente para estar en casa\u00a0\u2013 lo que importa es divertirse.<\/p>\n<p><img alt=\"\" loading=\"lazy\" decoding=\"async\" class=\"alignnone wp-image-88724 size-full\" src=\"https:\/\/www.cordobatimes.com\/showup\/wp-content\/uploads\/2020\/08\/tendencias-de-primavera-por-carla-bugarin-995889.jpg\" alt=\"\" width=\"900\" height=\"754\" srcset=\"https:\/\/www.cordobatimes.com\/showup\/wp-content\/uploads\/2020\/08\/tendencias-de-primavera-por-carla-bugarin-995889.jpg 900w, https:\/\/www.cordobatimes.com\/showup\/wp-content\/uploads\/2020\/08\/tendencias-de-primavera-por-carla-bugarin-995889-501x420.jpg 501w, https:\/\/www.cordobatimes.com\/showup\/wp-content\/uploads\/2020\/08\/tendencias-de-primavera-por-carla-bugarin-995889-768x643.jpg 768w, https:\/\/www.cordobatimes.com\/showup\/wp-content\/uploads\/2020\/08\/tendencias-de-primavera-por-carla-bugarin-995889-696x583.jpg 696w\" sizes=\"auto, (max-width: 900px) 100vw, 900px\" \/><\/p>\n","protected":false},"excerpt":{"rendered":"<p>\u00a0Tips de estilo\u00a0 para poner a prueba antes de la temporada Primavera Verano 2021. Con la llegada de los d\u00edas m\u00e1s calurosos, la pr\u00f3xima temporada se adelanta y con ella las ganas de usar ropa m\u00e1s liviana. Todo sin olvidar la pandemia que obliga a replantearnos constantemente nuestro look. Despu\u00e9s de 150 d\u00edas de encierro, [&hellip;]<\/p>\n","protected":false},"author":1,"featured_media":88721,"comment_status":"closed","ping_status":"closed","sticky":false,"template":"","format":"standard","meta":{"_seopress_robots_primary_cat":"","_seopress_titles_title":"","_seopress_titles_desc":"","_seopress_robots_index":"","footnotes":""},"categories":[228],"tags":[32316,32315],"class_list":{"0":"post-88720","1":"post","2":"type-post","3":"status-publish","4":"format-standard","5":"has-post-thumbnail","7":"category-moda-y-estilos","8":"tag-moda-primavera-2020","9":"tag-tendencias-primavera-2020"},"_links":{"self":[{"href":"https:\/\/www.cordobatimes.com\/showup\/wp-json\/wp\/v2\/posts\/88720","targetHints":{"allow":["GET"]}}],"collection":[{"href":"https:\/\/www.cordobatimes.com\/showup\/wp-json\/wp\/v2\/posts"}],"about":[{"href":"https:\/\/www.cordobatimes.com\/showup\/wp-json\/wp\/v2\/types\/post"}],"author":[{"embeddable":true,"href":"https:\/\/www.cordobatimes.com\/showup\/wp-json\/wp\/v2\/users\/1"}],"replies":[{"embeddable":true,"href":"https:\/\/www.cordobatimes.com\/showup\/wp-json\/wp\/v2\/comments?post=88720"}],"version-history":[{"count":0,"href":"https:\/\/www.cordobatimes.com\/showup\/wp-json\/wp\/v2\/posts\/88720\/revisions"}],"wp:featuredmedia":[{"embeddable":true,"href":"https:\/\/www.cordobatimes.com\/showup\/wp-json\/wp\/v2\/media\/88721"}],"wp:attachment":[{"href":"https:\/\/www.cordobatimes.com\/showup\/wp-json\/wp\/v2\/media?parent=88720"}],"wp:term":[{"taxonomy":"category","embeddable":true,"href":"https:\/\/www.cordobatimes.com\/showup\/wp-json\/wp\/v2\/categories?post=88720"},{"taxonomy":"post_tag","embeddable":true,"href":"https:\/\/www.cordobatimes.com\/showup\/wp-json\/wp\/v2\/tags?post=88720"}],"curies":[{"name":"wp","href":"https:\/\/api.w.org\/{rel}","templated":true}]}}