{"id":88696,"date":"2020-08-21T11:08:10","date_gmt":"2020-08-21T14:08:10","guid":{"rendered":"https:\/\/www.cordobatimes.com\/showup\/?p=88696"},"modified":"2020-08-21T11:08:10","modified_gmt":"2020-08-21T14:08:10","slug":"netflix-compartio-el-primer-adelanto-de-la-cuarta-temporada-de-the-crown","status":"publish","type":"post","link":"https:\/\/www.cordobatimes.com\/showup\/cine-y-series\/2020\/08\/21\/netflix-compartio-el-primer-adelanto-de-la-cuarta-temporada-de-the-crown\/","title":{"rendered":"Netflix comparti\u00f3 el primer adelanto de la cuarta temporada de The Crown"},"content":{"rendered":"<h3><strong>La nueva entrega estar\u00e1 disponible en la plataforma a partir del 15 de noviembre.<\/strong><\/h3>\n<p>Netflix\u00a0comparti\u00f3 el primer tr\u00e1iler de la cuarta temporada de\u00a0The Crown, cuyo estreno tendr\u00e1 lugar el 15 de noviembre a nivel mundial. Esta nueva entrega trae varias novedades muy esperadas por los seguidores de la serie: ser\u00e1 la primera aparici\u00f3n de\u00a0Lady Di, interpretada por Emma Corrin y de\u00a0Margaret Thatcher, que ser\u00e1 encarnada por\u00a0Gillian Anderson.<\/p>\n<p>Si bien se confirm\u00f3 que Imelda Staunton encarnar\u00e1 a la Reina Isabel II en la quinta y sexta temporada, en estos episodios seguir\u00e1 siendo encarnada por\u00a0Olivia Colman\u00a0y se mostrar\u00e1 m\u00e1s firme que nunca. \u00abAlgo tan importante como la monarqu\u00eda sencillamente no puede fallar\u00bb, afirma la monarca en este primer adelanto. Tambi\u00e9n volveremos a ver al resto del elenco constituido por Marion Bailey, Erin Doherty, Tobias Menzies, Helena Bonham Carter, Josh O&#8217;Connor, Emerald Fennell, Ben Daniels, y Charles Dance.<\/p>\n<p>La cuarta temporada estar\u00e1 centrada en los a\u00f1os 80, escenario de la labor de Margaret Thatcher como Primera Ministra y de los nacimientos de William y Harry, hijos Lady Di y\u00a0 el Principe Carlos. \u00a1No te pierdas el tr\u00e1iler!<\/p>\n<p><iframe loading=\"lazy\" width=\"560\" height=\"315\" src=\"https:\/\/www.youtube.com\/embed\/eYuBgwR42_0\" frameborder=\"0\" allow=\"accelerometer; autoplay; encrypted-media; gyroscope; picture-in-picture\" allowfullscreen><\/iframe><\/p>\n","protected":false},"excerpt":{"rendered":"<p>La nueva entrega estar\u00e1 disponible en la plataforma a partir del 15 de noviembre. Netflix\u00a0comparti\u00f3 el primer tr\u00e1iler de la cuarta temporada de\u00a0The Crown, cuyo estreno tendr\u00e1 lugar el 15 de noviembre a nivel mundial. Esta nueva entrega trae varias novedades muy esperadas por los seguidores de la serie: ser\u00e1 la primera aparici\u00f3n de\u00a0Lady Di, [&hellip;]<\/p>\n","protected":false},"author":1,"featured_media":88697,"comment_status":"closed","ping_status":"closed","sticky":false,"template":"","format":"standard","meta":{"_seopress_robots_primary_cat":"","_seopress_titles_title":"","_seopress_titles_desc":"","_seopress_robots_index":"","footnotes":""},"categories":[3],"tags":[32304,32303],"class_list":{"0":"post-88696","1":"post","2":"type-post","3":"status-publish","4":"format-standard","5":"has-post-thumbnail","9":"tag-primer-adelanto-de-la-cuarta-temporada-de-the-crown"},"_links":{"self":[{"href":"https:\/\/www.cordobatimes.com\/showup\/wp-json\/wp\/v2\/posts\/88696","targetHints":{"allow":["GET"]}}],"collection":[{"href":"https:\/\/www.cordobatimes.com\/showup\/wp-json\/wp\/v2\/posts"}],"about":[{"href":"https:\/\/www.cordobatimes.com\/showup\/wp-json\/wp\/v2\/types\/post"}],"author":[{"embeddable":true,"href":"https:\/\/www.cordobatimes.com\/showup\/wp-json\/wp\/v2\/users\/1"}],"replies":[{"embeddable":true,"href":"https:\/\/www.cordobatimes.com\/showup\/wp-json\/wp\/v2\/comments?post=88696"}],"version-history":[{"count":0,"href":"https:\/\/www.cordobatimes.com\/showup\/wp-json\/wp\/v2\/posts\/88696\/revisions"}],"wp:featuredmedia":[{"embeddable":true,"href":"https:\/\/www.cordobatimes.com\/showup\/wp-json\/wp\/v2\/media\/88697"}],"wp:attachment":[{"href":"https:\/\/www.cordobatimes.com\/showup\/wp-json\/wp\/v2\/media?parent=88696"}],"wp:term":[{"taxonomy":"category","embeddable":true,"href":"https:\/\/www.cordobatimes.com\/showup\/wp-json\/wp\/v2\/categories?post=88696"},{"taxonomy":"post_tag","embeddable":true,"href":"https:\/\/www.cordobatimes.com\/showup\/wp-json\/wp\/v2\/tags?post=88696"}],"curies":[{"name":"wp","href":"https:\/\/api.w.org\/{rel}","templated":true}]}}