{"id":88650,"date":"2020-08-17T12:49:49","date_gmt":"2020-08-17T15:49:49","guid":{"rendered":"https:\/\/www.cordobatimes.com\/showup\/?p=88650"},"modified":"2020-08-17T12:49:49","modified_gmt":"2020-08-17T15:49:49","slug":"para-apoyar-la-campana-seamos-uno-diego-torres-lanzo-una-cancion-junto-a-artistas-emergentes","status":"publish","type":"post","link":"https:\/\/www.cordobatimes.com\/showup\/musica\/2020\/08\/17\/para-apoyar-la-campana-seamos-uno-diego-torres-lanzo-una-cancion-junto-a-artistas-emergentes\/","title":{"rendered":"Para apoyar la campa\u00f1a Seamos Uno, Diego Torres lanz\u00f3 una canci\u00f3n junto a artistas emergentes"},"content":{"rendered":"<h3><strong>La campa\u00f1a solidaria Seamos Uno ya tiene canci\u00f3n. Diego Torres present\u00f3 un nuevo tema en apoyo a esta iniciativa junto al sello discogr\u00e1fico Suena EH!.\u00a0<\/strong><\/h3>\n<p>Tambi\u00e9n participaron\u00a0artistas emergentes,\u00a0que llegaron desde Villa La Cava hasta El Jag\u00fcel.<\/p>\n<p>En sus redes sociales,\u00a0el cantante\u00a0cont\u00f3 que esta canci\u00f3n es\u00a0\u00aben apoyo a todos los argentinos que la est\u00e1n pasando mal.\u00a0Una canci\u00f3n para decirles que estamos juntos y unidos\u00bb. Lo mismo dio Gonzalo Vidal, de Suena EH!, quien a\u00f1adi\u00f3 que ellos \u00abse merecen una canci\u00f3n para saber que todos los argentinos estamos juntos en esta situaci\u00f3n\u00bb. Y as\u00ed lo dice la letra: \u00abSeamos uno para hacernos bien\u00bb.<\/p>\n<p>Seamos Uno es una iniciativa solidaria que re\u00fane a empresas, instituciones solidarias y religiosas y personalidades del arte, deporte y cultura argentina\u00a0bajo la coordinaci\u00f3n del sacerdote jesuita Rodrigo Zarazag.\u00a0El objetivo es ayudar a los sectores m\u00e1s vulnerables\u00a0a sobrellevar las consecuencias de\u00a0la pandemia del coronavirus.<\/p>\n<p>Seamos Uno se lanz\u00f3 a fines de marzo cuando\u00a0un grupo de entidades empresariales, religiosas y del tercer sector, empresarios, emprendedores y pymes\u00a0se unieron para ayudar a aliviar la emergencia sanitaria y alimentaria que padecer\u00edan gran parte de los argentinos.<\/p>\n<p>Con la premisa de que no hay argentina sana si no es sana para todos, se puso en marcha la log\u00edstica, las donaciones, el armado de un equipo (que hoy alcanza m\u00e1s de 5000 voluntarios) para llegar, con un mill\u00f3n de cajas con 15 kilos de productos alimentarios y de higiene, a los barrios m\u00e1s vulnerables del \u00c1rea Metropolitana de Buenos Aires (AMBA). Ya entregaron m\u00e1s de 42 millones de raciones de comida.<\/p>\n<p><iframe loading=\"lazy\" src=\"https:\/\/www.youtube.com\/embed\/WFInkkysdMI\" width=\"560\" height=\"315\" frameborder=\"0\" allowfullscreen=\"allowfullscreen\"><\/iframe><\/p>\n","protected":false},"excerpt":{"rendered":"<p>La campa\u00f1a solidaria Seamos Uno ya tiene canci\u00f3n. Diego Torres present\u00f3 un nuevo tema en apoyo a esta iniciativa junto al sello discogr\u00e1fico Suena EH!.\u00a0 Tambi\u00e9n participaron\u00a0artistas emergentes,\u00a0que llegaron desde Villa La Cava hasta El Jag\u00fcel. En sus redes sociales,\u00a0el cantante\u00a0cont\u00f3 que esta canci\u00f3n es\u00a0\u00aben apoyo a todos los argentinos que la est\u00e1n pasando mal.\u00a0Una [&hellip;]<\/p>\n","protected":false},"author":1,"featured_media":88651,"comment_status":"closed","ping_status":"closed","sticky":false,"template":"","format":"standard","meta":{"_seopress_robots_primary_cat":"","_seopress_titles_title":"","_seopress_titles_desc":"","_seopress_robots_index":"","footnotes":""},"categories":[5],"tags":[32285,32284],"class_list":{"0":"post-88650","1":"post","2":"type-post","3":"status-publish","4":"format-standard","5":"has-post-thumbnail","7":"category-musica","8":"tag-campana-solidaria-seamos-uno","9":"tag-seamos-uno-diego-torres"},"_links":{"self":[{"href":"https:\/\/www.cordobatimes.com\/showup\/wp-json\/wp\/v2\/posts\/88650","targetHints":{"allow":["GET"]}}],"collection":[{"href":"https:\/\/www.cordobatimes.com\/showup\/wp-json\/wp\/v2\/posts"}],"about":[{"href":"https:\/\/www.cordobatimes.com\/showup\/wp-json\/wp\/v2\/types\/post"}],"author":[{"embeddable":true,"href":"https:\/\/www.cordobatimes.com\/showup\/wp-json\/wp\/v2\/users\/1"}],"replies":[{"embeddable":true,"href":"https:\/\/www.cordobatimes.com\/showup\/wp-json\/wp\/v2\/comments?post=88650"}],"version-history":[{"count":0,"href":"https:\/\/www.cordobatimes.com\/showup\/wp-json\/wp\/v2\/posts\/88650\/revisions"}],"wp:featuredmedia":[{"embeddable":true,"href":"https:\/\/www.cordobatimes.com\/showup\/wp-json\/wp\/v2\/media\/88651"}],"wp:attachment":[{"href":"https:\/\/www.cordobatimes.com\/showup\/wp-json\/wp\/v2\/media?parent=88650"}],"wp:term":[{"taxonomy":"category","embeddable":true,"href":"https:\/\/www.cordobatimes.com\/showup\/wp-json\/wp\/v2\/categories?post=88650"},{"taxonomy":"post_tag","embeddable":true,"href":"https:\/\/www.cordobatimes.com\/showup\/wp-json\/wp\/v2\/tags?post=88650"}],"curies":[{"name":"wp","href":"https:\/\/api.w.org\/{rel}","templated":true}]}}