{"id":88647,"date":"2020-08-17T11:58:58","date_gmt":"2020-08-17T14:58:58","guid":{"rendered":"https:\/\/www.cordobatimes.com\/showup\/?p=88647"},"modified":"2020-08-17T11:58:58","modified_gmt":"2020-08-17T14:58:58","slug":"la-convocatoria-de-proyectos-de-cine-de-genero-para-ventana-sur-se-encuentra-abierta","status":"publish","type":"post","link":"https:\/\/www.cordobatimes.com\/showup\/cine-y-series\/2020\/08\/17\/la-convocatoria-de-proyectos-de-cine-de-genero-para-ventana-sur-se-encuentra-abierta\/","title":{"rendered":"La convocatoria de proyectos de cine de g\u00e9nero para Ventana Sur se encuentra abierta"},"content":{"rendered":"<h3><strong>El evento, que se desarrollar\u00e1 del 30 de noviembre al 4 de diciembre en el CCK, est\u00e1 considerado como el mercado audiovisual m\u00e1s importante de Am\u00e9rica Latina.<\/strong><\/h3>\n<p>La convocatoria de proyectos de cine de g\u00e9nero para la edici\u00f3n 2020 de Ventana Sur se encuentra abierta en sus dos modalidades: Blood Window Lab y BW Screenings.<\/p>\n<p>El llamado a Blood Window Lab, que recibe proyectos en desarrollo en b\u00fasqueda de productores, estar\u00e1 abierta hasta el 11 de septiembre.<\/p>\n<p>Los materiales para BW Screenings, para visionados de filmes ya terminados o en etapa de posproducci\u00f3n en busca de una venta, se recibir\u00e1n hasta el 28 de septiembre.<\/p>\n<p>Ventana Sur 2020, organizado por el\u00a0Incaa\u00a0y el Marche du Film de Cannes, se desarrollar\u00e1 del 30 de noviembre al 4 de diciembre en el CCK.<\/p>\n<p>El evento est\u00e1 considerado como el mercado audiovisual m\u00e1s importante de Am\u00e9rica Latina.<\/p>\n","protected":false},"excerpt":{"rendered":"<p>El evento, que se desarrollar\u00e1 del 30 de noviembre al 4 de diciembre en el CCK, est\u00e1 considerado como el mercado audiovisual m\u00e1s importante de Am\u00e9rica Latina. La convocatoria de proyectos de cine de g\u00e9nero para la edici\u00f3n 2020 de Ventana Sur se encuentra abierta en sus dos modalidades: Blood Window Lab y BW Screenings. [&hellip;]<\/p>\n","protected":false},"author":1,"featured_media":88648,"comment_status":"closed","ping_status":"closed","sticky":false,"template":"","format":"standard","meta":{"_seopress_robots_primary_cat":"","_seopress_titles_title":"","_seopress_titles_desc":"","_seopress_robots_index":"","footnotes":""},"categories":[3],"tags":[32282,32283],"class_list":{"0":"post-88647","1":"post","2":"type-post","3":"status-publish","4":"format-standard","5":"has-post-thumbnail","7":"category-cine-y-series","8":"tag-convocatoria-de-proyectos-de-cine-de-genero-para-ventana-sur","9":"tag-proyectos-de-cine-de-genero-para-ventana-sur"},"_links":{"self":[{"href":"https:\/\/www.cordobatimes.com\/showup\/wp-json\/wp\/v2\/posts\/88647","targetHints":{"allow":["GET"]}}],"collection":[{"href":"https:\/\/www.cordobatimes.com\/showup\/wp-json\/wp\/v2\/posts"}],"about":[{"href":"https:\/\/www.cordobatimes.com\/showup\/wp-json\/wp\/v2\/types\/post"}],"author":[{"embeddable":true,"href":"https:\/\/www.cordobatimes.com\/showup\/wp-json\/wp\/v2\/users\/1"}],"replies":[{"embeddable":true,"href":"https:\/\/www.cordobatimes.com\/showup\/wp-json\/wp\/v2\/comments?post=88647"}],"version-history":[{"count":0,"href":"https:\/\/www.cordobatimes.com\/showup\/wp-json\/wp\/v2\/posts\/88647\/revisions"}],"wp:featuredmedia":[{"embeddable":true,"href":"https:\/\/www.cordobatimes.com\/showup\/wp-json\/wp\/v2\/media\/88648"}],"wp:attachment":[{"href":"https:\/\/www.cordobatimes.com\/showup\/wp-json\/wp\/v2\/media?parent=88647"}],"wp:term":[{"taxonomy":"category","embeddable":true,"href":"https:\/\/www.cordobatimes.com\/showup\/wp-json\/wp\/v2\/categories?post=88647"},{"taxonomy":"post_tag","embeddable":true,"href":"https:\/\/www.cordobatimes.com\/showup\/wp-json\/wp\/v2\/tags?post=88647"}],"curies":[{"name":"wp","href":"https:\/\/api.w.org\/{rel}","templated":true}]}}