{"id":88632,"date":"2020-08-13T19:21:58","date_gmt":"2020-08-13T22:21:58","guid":{"rendered":"https:\/\/www.cordobatimes.com\/showup\/?p=88632"},"modified":"2020-08-13T19:21:58","modified_gmt":"2020-08-13T22:21:58","slug":"netflix-confirmo-el-estreno-de-corazon-loco-en-la-plataforma","status":"publish","type":"post","link":"https:\/\/www.cordobatimes.com\/showup\/cine-y-series\/2020\/08\/13\/netflix-confirmo-el-estreno-de-corazon-loco-en-la-plataforma\/","title":{"rendered":"Netflix confirm\u00f3 el estreno de Coraz\u00f3n Loco en la plataforma"},"content":{"rendered":"<h3><strong>Luego de suspender su estreno debido a la pandemia, la pel\u00edcula estar\u00e1 disponible a partir del 9 de septiembre.\u00a0<\/strong><\/h3>\n<p>Coraz\u00f3n Loco, la pel\u00edcula protagonizada por\u00a0Adri\u00e1n Suar,\u00a0Gabriela Toscano\u00a0y\u00a0Soledad Villamil\u00a0estar\u00e1 disponible en\u00a0Netflix\u00a0a partir del mi\u00e9rcoles 9 de septiembre. La comedia ten\u00eda planeado llegar a los cines de todo el pa\u00eds el pasado 19 de marzo pero, debido a la cuarentena por el coronavirus su estreno tuvo que ser postergado de manera indefinida. Finalmente su estreno tendr\u00e1 lugar directamente en la plataforma de streaming y estar\u00e1 disponible a nivel mundial.<\/p>\n<p>El film est\u00e1 dirigido por\u00a0Marcos Carnevale\u00a0y cuenta la historia de un traumat\u00f3logo b\u00edgamo llamado Fernando que posee una familia en Buenos Aires y otra en Mar del Plata con las que divide su tiempo hasta que finalmente la verdad sale a la luz. Una vez que es descubierto, sus dos esposas, Paula y Vera se unen para tomar venganza, sin importarles que \u00e9l asegure que ama a las dos por igual.<\/p>\n<p><iframe loading=\"lazy\" width=\"560\" height=\"315\" src=\"https:\/\/www.youtube.com\/embed\/uRPdBGoLGjs\" frameborder=\"0\" allow=\"accelerometer; autoplay; encrypted-media; gyroscope; picture-in-picture\" allowfullscreen><\/iframe><\/p>\n","protected":false},"excerpt":{"rendered":"<p>Luego de suspender su estreno debido a la pandemia, la pel\u00edcula estar\u00e1 disponible a partir del 9 de septiembre.\u00a0 Coraz\u00f3n Loco, la pel\u00edcula protagonizada por\u00a0Adri\u00e1n Suar,\u00a0Gabriela Toscano\u00a0y\u00a0Soledad Villamil\u00a0estar\u00e1 disponible en\u00a0Netflix\u00a0a partir del mi\u00e9rcoles 9 de septiembre. La comedia ten\u00eda planeado llegar a los cines de todo el pa\u00eds el pasado 19 de marzo pero, debido [&hellip;]<\/p>\n","protected":false},"author":1,"featured_media":88633,"comment_status":"closed","ping_status":"closed","sticky":false,"template":"","format":"standard","meta":{"_seopress_robots_primary_cat":"","_seopress_titles_title":"","_seopress_titles_desc":"","_seopress_robots_index":"","footnotes":""},"categories":[3],"tags":[32275,30406],"class_list":{"0":"post-88632","1":"post","2":"type-post","3":"status-publish","4":"format-standard","5":"has-post-thumbnail","7":"category-cine-y-series","8":"tag-corazon-loco-netflix","9":"tag-estreno-de-corazon-loco"},"_links":{"self":[{"href":"https:\/\/www.cordobatimes.com\/showup\/wp-json\/wp\/v2\/posts\/88632","targetHints":{"allow":["GET"]}}],"collection":[{"href":"https:\/\/www.cordobatimes.com\/showup\/wp-json\/wp\/v2\/posts"}],"about":[{"href":"https:\/\/www.cordobatimes.com\/showup\/wp-json\/wp\/v2\/types\/post"}],"author":[{"embeddable":true,"href":"https:\/\/www.cordobatimes.com\/showup\/wp-json\/wp\/v2\/users\/1"}],"replies":[{"embeddable":true,"href":"https:\/\/www.cordobatimes.com\/showup\/wp-json\/wp\/v2\/comments?post=88632"}],"version-history":[{"count":0,"href":"https:\/\/www.cordobatimes.com\/showup\/wp-json\/wp\/v2\/posts\/88632\/revisions"}],"wp:featuredmedia":[{"embeddable":true,"href":"https:\/\/www.cordobatimes.com\/showup\/wp-json\/wp\/v2\/media\/88633"}],"wp:attachment":[{"href":"https:\/\/www.cordobatimes.com\/showup\/wp-json\/wp\/v2\/media?parent=88632"}],"wp:term":[{"taxonomy":"category","embeddable":true,"href":"https:\/\/www.cordobatimes.com\/showup\/wp-json\/wp\/v2\/categories?post=88632"},{"taxonomy":"post_tag","embeddable":true,"href":"https:\/\/www.cordobatimes.com\/showup\/wp-json\/wp\/v2\/tags?post=88632"}],"curies":[{"name":"wp","href":"https:\/\/api.w.org\/{rel}","templated":true}]}}