{"id":88576,"date":"2020-08-03T19:25:54","date_gmt":"2020-08-03T22:25:54","guid":{"rendered":"https:\/\/www.cordobatimes.com\/showup\/?p=88576"},"modified":"2020-08-03T19:25:54","modified_gmt":"2020-08-03T22:25:54","slug":"lali-esposito-mostro-el-trailer-de-su-nueva-cancion-fascinada","status":"publish","type":"post","link":"https:\/\/www.cordobatimes.com\/showup\/musica\/2020\/08\/03\/lali-esposito-mostro-el-trailer-de-su-nueva-cancion-fascinada\/","title":{"rendered":"Lali Esp\u00f3sito mostr\u00f3 el trailer de su nueva canci\u00f3n \u00abFascinada\u00bb"},"content":{"rendered":"<h3><strong>La cantante comparti\u00f3 el trailer de su pr\u00f3ximo hit\u00a0 en su canal de YouTube.\u00a0<\/strong><\/h3>\n<p>Lali Esp\u00f3sito est\u00e1 en uno de los mejores momentos de su carrera art\u00edstica.\u00a0La exitosa cantante internacional se encuentra\u00a0produciendo su cuarto \u00e1lbum de estudio y grabando una serie de suspenso para Netflix.\u00a0En Espa\u00f1a, Esp\u00f3sito est\u00e1 rodando\u00a0<em>Sky Rojo<\/em>, la producci\u00f3n audiovisual que protagonizar\u00e1.<\/p>\n<h3><\/h3>\n<blockquote class=\"instagram-media\" style=\"background: #FFF; border: 0; border-radius: 3px; box-shadow: 0 0 1px 0 rgba(0,0,0,0.5),0 1px 10px 0 rgba(0,0,0,0.15); margin: 1px; max-width: 540px; min-width: 326px; padding: 0; width: calc(100% - 2px);\" data-instgrm-captioned=\"\" data-instgrm-permalink=\"https:\/\/www.instagram.com\/p\/CCJvnVpp_oJ\/?utm_source=ig_embed&amp;utm_campaign=loading\" data-instgrm-version=\"12\">\n<div style=\"padding: 16px;\">\n<p>&nbsp;<\/p>\n<div style=\"display: flex; flex-direction: row; align-items: center;\">\n<div style=\"background-color: #f4f4f4; border-radius: 50%; flex-grow: 0; height: 40px; margin-right: 14px; width: 40px;\"><\/div>\n<div style=\"display: flex; flex-direction: column; flex-grow: 1; justify-content: center;\">\n<div style=\"background-color: #f4f4f4; border-radius: 4px; flex-grow: 0; height: 14px; margin-bottom: 6px; width: 100px;\"><\/div>\n<div style=\"background-color: #f4f4f4; border-radius: 4px; flex-grow: 0; height: 14px; width: 60px;\"><\/div>\n<\/div>\n<\/div>\n<div style=\"padding: 19% 0;\"><\/div>\n<div style=\"display: block; height: 50px; margin: 0 auto 12px; width: 50px;\"><\/div>\n<div style=\"padding-top: 8px;\">\n<div style=\"color: #3897f0; font-family: Arial,sans-serif; font-size: 14px; font-style: normal; font-weight: 550; line-height: 18px;\">Ver esta publicaci\u00f3n en Instagram<\/div>\n<\/div>\n<div style=\"padding: 12.5% 0;\"><\/div>\n<div style=\"display: flex; flex-direction: row; margin-bottom: 14px; align-items: center;\">\n<div>\n<div style=\"background-color: #f4f4f4; border-radius: 50%; height: 12.5px; width: 12.5px; transform: translateX(0px) translateY(7px);\"><\/div>\n<div style=\"background-color: #f4f4f4; height: 12.5px; transform: rotate(-45deg) translateX(3px) translateY(1px); width: 12.5px; flex-grow: 0; margin-right: 14px; margin-left: 2px;\"><\/div>\n<div style=\"background-color: #f4f4f4; border-radius: 50%; height: 12.5px; width: 12.5px; transform: translateX(9px) translateY(-18px);\"><\/div>\n<\/div>\n<div style=\"margin-left: 8px;\">\n<div style=\"background-color: #f4f4f4; border-radius: 50%; flex-grow: 0; height: 20px; width: 20px;\"><\/div>\n<div style=\"width: 0; height: 0; border-top: 2px solid transparent; border-left: 6px solid #f4f4f4; border-bottom: 2px solid transparent; transform: translateX(16px) translateY(-4px) rotate(30deg);\"><\/div>\n<\/div>\n<div style=\"margin-left: auto;\">\n<div style=\"width: 0px; border-top: 8px solid #F4F4F4; border-right: 8px solid transparent; transform: translateY(16px);\"><\/div>\n<div style=\"background-color: #f4f4f4; flex-grow: 0; height: 12px; width: 16px; transform: translateY(-4px);\"><\/div>\n<div style=\"width: 0; height: 0; border-top: 8px solid #F4F4F4; border-left: 8px solid transparent; transform: translateY(-4px) translateX(8px);\"><\/div>\n<\/div>\n<\/div>\n<p>&nbsp;<\/p>\n<p style=\"margin: 8px 0 0 0; padding: 0 4px;\"><a style=\"color: #000; font-family: Arial,sans-serif; font-size: 14px; font-style: normal; font-weight: normal; line-height: 17px; text-decoration: none; word-wrap: break-word;\" href=\"https:\/\/www.instagram.com\/p\/CCJvnVpp_oJ\/?utm_source=ig_embed&amp;utm_campaign=loading\" target=\"_blank\" rel=\"noopener noreferrer\">Se volvi\u00f3 al ruedo&#8230;.y QUE manera de rodar \ud83c\udfa5\ud83d\udd25\ud83d\udca3 #SkyRojo<\/a><\/p>\n<p style=\"color: #c9c8cd; font-family: Arial,sans-serif; font-size: 14px; line-height: 17px; margin-bottom: 0; margin-top: 8px; overflow: hidden; padding: 8px 0 7px; text-align: center; text-overflow: ellipsis; white-space: nowrap;\">Una publicaci\u00f3n compartida por <a style=\"color: #c9c8cd; font-family: Arial,sans-serif; font-size: 14px; font-style: normal; font-weight: normal; line-height: 17px;\" href=\"https:\/\/www.instagram.com\/lalioficial\/?utm_source=ig_embed&amp;utm_campaign=loading\" target=\"_blank\" rel=\"noopener noreferrer\"> LALI<\/a> (@lalioficial) el <time style=\"font-family: Arial,sans-serif; font-size: 14px; line-height: 17px;\" datetime=\"2020-07-02T19:57:29+00:00\">2 de Jul de 2020 a las 12:57 PDT<\/time><\/p>\n<\/div>\n<\/blockquote>\n<p><script async src=\"\/\/www.instagram.com\/embed.js\"><\/script><\/p>\n<p>A dos meses del lanzamiento de \u00abLo Que Tengo Yo\u00bb, su \u00faltimo hit que se llev\u00f3 a cabo durante la cuarentena, ya alcanz\u00f3 10 millones de visitas. Como si fuera poco, un mes atr\u00e1s, Lali rompi\u00f3 el r\u00e9cord del show en vivo de una artista latina en la aplicaci\u00f3n BeApp. Alcanz\u00f3 2,6 millones de likes durante la performance que realiz\u00f3 v\u00eda streaming, a ra\u00edz de la pandemia de coronavirus.<\/p>\n<p><iframe loading=\"lazy\" src=\"https:\/\/www.youtube.com\/embed\/F8P1BXiiYPE\" width=\"560\" height=\"315\" frameborder=\"0\" allowfullscreen=\"allowfullscreen\"><\/iframe><\/p>\n<p>Sus fan\u00e1ticos est\u00e1n a la espectativa de \u00abFascinada\u00bb, el tema que inaugurar\u00e1 su \u00faltimo disco. este lunes, Esp\u00f3sito les dio una sorpresa a sus seguidores. Con dos historias de Instagram, solt\u00f3 la bomba. \u00abAmigos con esta cara de no puedo m\u00e1s, rod\u00e9 123 mil horas hoy, les quiero contar que ya tenemos trailer en YouTube. Es incre\u00edble\u00bb, adelant\u00f3. \u00abFascinada\u00bb saldr\u00e1 el mi\u00e9rcoles 5 de agosto y con estos paisajes veraniegos, promete y mucho.<\/p>\n<p><iframe loading=\"lazy\" src=\"https:\/\/www.youtube.com\/embed\/Rs42pBi7Bz8\" width=\"560\" height=\"315\" frameborder=\"0\" allowfullscreen=\"allowfullscreen\"><\/iframe><\/p>\n","protected":false},"excerpt":{"rendered":"<p>La cantante comparti\u00f3 el trailer de su pr\u00f3ximo hit\u00a0 en su canal de YouTube.\u00a0 Lali Esp\u00f3sito est\u00e1 en uno de los mejores momentos de su carrera art\u00edstica.\u00a0La exitosa cantante internacional se encuentra\u00a0produciendo su cuarto \u00e1lbum de estudio y grabando una serie de suspenso para Netflix.\u00a0En Espa\u00f1a, Esp\u00f3sito est\u00e1 rodando\u00a0Sky Rojo, la producci\u00f3n audiovisual que protagonizar\u00e1. [&hellip;]<\/p>\n","protected":false},"author":1,"featured_media":88577,"comment_status":"closed","ping_status":"closed","sticky":false,"template":"","format":"standard","meta":{"_seopress_robots_primary_cat":"","_seopress_titles_title":"","_seopress_titles_desc":"","_seopress_robots_index":"","footnotes":""},"categories":[5],"tags":[32231,32243],"class_list":{"0":"post-88576","1":"post","2":"type-post","3":"status-publish","4":"format-standard","5":"has-post-thumbnail","7":"category-musica","8":"tag-lali-esposito-fascinada","9":"tag-trailer-de-fascinada-cancion-de-lali-esposito"},"_links":{"self":[{"href":"https:\/\/www.cordobatimes.com\/showup\/wp-json\/wp\/v2\/posts\/88576","targetHints":{"allow":["GET"]}}],"collection":[{"href":"https:\/\/www.cordobatimes.com\/showup\/wp-json\/wp\/v2\/posts"}],"about":[{"href":"https:\/\/www.cordobatimes.com\/showup\/wp-json\/wp\/v2\/types\/post"}],"author":[{"embeddable":true,"href":"https:\/\/www.cordobatimes.com\/showup\/wp-json\/wp\/v2\/users\/1"}],"replies":[{"embeddable":true,"href":"https:\/\/www.cordobatimes.com\/showup\/wp-json\/wp\/v2\/comments?post=88576"}],"version-history":[{"count":0,"href":"https:\/\/www.cordobatimes.com\/showup\/wp-json\/wp\/v2\/posts\/88576\/revisions"}],"wp:featuredmedia":[{"embeddable":true,"href":"https:\/\/www.cordobatimes.com\/showup\/wp-json\/wp\/v2\/media\/88577"}],"wp:attachment":[{"href":"https:\/\/www.cordobatimes.com\/showup\/wp-json\/wp\/v2\/media?parent=88576"}],"wp:term":[{"taxonomy":"category","embeddable":true,"href":"https:\/\/www.cordobatimes.com\/showup\/wp-json\/wp\/v2\/categories?post=88576"},{"taxonomy":"post_tag","embeddable":true,"href":"https:\/\/www.cordobatimes.com\/showup\/wp-json\/wp\/v2\/tags?post=88576"}],"curies":[{"name":"wp","href":"https:\/\/api.w.org\/{rel}","templated":true}]}}