{"id":88541,"date":"2020-07-30T10:16:55","date_gmt":"2020-07-30T13:16:55","guid":{"rendered":"https:\/\/www.cordobatimes.com\/showup\/?p=88541"},"modified":"2020-07-30T10:16:55","modified_gmt":"2020-07-30T13:16:55","slug":"el-creador-de-the-walking-dead-adelanta-las-novedades-en-la-trama-de-la-temporada-11","status":"publish","type":"post","link":"https:\/\/www.cordobatimes.com\/showup\/cine-y-series\/2020\/07\/30\/el-creador-de-the-walking-dead-adelanta-las-novedades-en-la-trama-de-la-temporada-11\/","title":{"rendered":"El creador de The Walking Dead adelanta las novedades en la trama de la temporada 11"},"content":{"rendered":"<h3><strong>Por el momento, se han a\u00f1adido seis episodios m\u00e1s a la d\u00e9cima entrega de la serie.<\/strong><\/h3>\n<p>Durante el panel de The Walking Dead en la Comic-Con 2020, su creador Robert Kirkman ha dado algunos detalles de lo que est\u00e1 por venir de la serie zombie por excelencia de AMC. Una de las grandes novedades fueron los seis episodios extras que se estrenar\u00e1n en los pr\u00f3ximos meses y que se a\u00f1adir\u00e1n a la temporada 10. Un giro inesperado en los acontecimientos, ya que a esta entrega le faltaba un \u00fanico cap\u00edtulo para ser finalizada. Pero, entonces, \u00bfqu\u00e9 va a ocurrir con la temporada 11? Su creador responde.<\/p>\n<p>La situaci\u00f3n actual provocada por el coronavirus en todo el mundo ha hecho que la Industria haya tenido que replantearse la manera de llevar a cabo sus producciones, as\u00ed como los guionistas y autores de series reiventarse y modificar sus guiones. Este es el caso de Kirkman, quien asegura que la temporada 11 va a suponer que\u00a0\u00abciertas historias han cambiado\u00bb, pero, que est\u00e1 \u00abmuy emocionado\u00bb ante la perspectiva de estas alteraciones.<\/p>\n<p>\u00bfQu\u00e9 podemos esperar en la temporada 11 de &#8216;The Walking Dead&#8217;? M\u00e1s Maggie. Lauren Cohan ha vuelto. Hay un mont\u00f3n de cosas geniales planeadas para los personajes Daryl y Carol. Ya no hay m\u00e1s Rick Grimes en el programa, as\u00ed que habr\u00e1 algunas historias que cambiar\u00e1n, lo cual me entusiasma mucho. Pero seguiremos avanzando en algunas \u00e1reas que son de los c\u00f3mics en algunas nuevas e interesantes, y de diferentes maneras.<\/p>\n<p>El regreso de la actriz\u00a0Lauren Cohan\u00a0a su personaje de\u00a0Maggie\u00a0en la ficci\u00f3n va a ser uno de los grandes hilos conductores en la trama de esta nueva entrega. Mientras tanto, habr\u00e1 que esperar a terminar de ver el desenlace de la nueva ampliaci\u00f3n del desenlace de la temporada 10.<\/p>\n<p>Por otro lado,\u00a0The Walking Dead: World Beyond, el\u00a0nuevo &#8216;spin-off&#8217;\u00a0de la serie original y la sexta temporada de\u00a0Fear The Walking Dead\u00a0se estrean el pr\u00f3ximo\u00a05 y 12 de octubre, respectivamente, a Espa\u00f1a de la mano de\u00a0AMC.<\/p>\n","protected":false},"excerpt":{"rendered":"<p>Por el momento, se han a\u00f1adido seis episodios m\u00e1s a la d\u00e9cima entrega de la serie. Durante el panel de The Walking Dead en la Comic-Con 2020, su creador Robert Kirkman ha dado algunos detalles de lo que est\u00e1 por venir de la serie zombie por excelencia de AMC. Una de las grandes novedades fueron [&hellip;]<\/p>\n","protected":false},"author":1,"featured_media":88542,"comment_status":"closed","ping_status":"closed","sticky":false,"template":"","format":"standard","meta":{"_seopress_robots_primary_cat":"","_seopress_titles_title":"","_seopress_titles_desc":"","_seopress_robots_index":"","footnotes":""},"categories":[3],"tags":[32229,32228],"class_list":{"0":"post-88541","1":"post","2":"type-post","3":"status-publish","4":"format-standard","5":"has-post-thumbnail","7":"category-cine-y-series","8":"tag-temporada-11-de-the-walking-dead","9":"tag-the-walking-dead-trama-de-la-temporada-11"},"_links":{"self":[{"href":"https:\/\/www.cordobatimes.com\/showup\/wp-json\/wp\/v2\/posts\/88541","targetHints":{"allow":["GET"]}}],"collection":[{"href":"https:\/\/www.cordobatimes.com\/showup\/wp-json\/wp\/v2\/posts"}],"about":[{"href":"https:\/\/www.cordobatimes.com\/showup\/wp-json\/wp\/v2\/types\/post"}],"author":[{"embeddable":true,"href":"https:\/\/www.cordobatimes.com\/showup\/wp-json\/wp\/v2\/users\/1"}],"replies":[{"embeddable":true,"href":"https:\/\/www.cordobatimes.com\/showup\/wp-json\/wp\/v2\/comments?post=88541"}],"version-history":[{"count":0,"href":"https:\/\/www.cordobatimes.com\/showup\/wp-json\/wp\/v2\/posts\/88541\/revisions"}],"wp:featuredmedia":[{"embeddable":true,"href":"https:\/\/www.cordobatimes.com\/showup\/wp-json\/wp\/v2\/media\/88542"}],"wp:attachment":[{"href":"https:\/\/www.cordobatimes.com\/showup\/wp-json\/wp\/v2\/media?parent=88541"}],"wp:term":[{"taxonomy":"category","embeddable":true,"href":"https:\/\/www.cordobatimes.com\/showup\/wp-json\/wp\/v2\/categories?post=88541"},{"taxonomy":"post_tag","embeddable":true,"href":"https:\/\/www.cordobatimes.com\/showup\/wp-json\/wp\/v2\/tags?post=88541"}],"curies":[{"name":"wp","href":"https:\/\/api.w.org\/{rel}","templated":true}]}}