{"id":88504,"date":"2020-07-27T17:57:18","date_gmt":"2020-07-27T20:57:18","guid":{"rendered":"https:\/\/www.cordobatimes.com\/showup\/?p=88504"},"modified":"2020-07-27T17:57:18","modified_gmt":"2020-07-27T20:57:18","slug":"tapabocas-por-que-algunas-personas-sufren-de-acne-al-usarlo","status":"publish","type":"post","link":"https:\/\/www.cordobatimes.com\/showup\/curiosidades\/2020\/07\/27\/tapabocas-por-que-algunas-personas-sufren-de-acne-al-usarlo\/","title":{"rendered":"Tapabocas: \u00bfPor qu\u00e9 algunas personas sufren de acn\u00e9 al usarlo?"},"content":{"rendered":"<h3><strong>Los dermat\u00f3logos reciben cada vez m\u00e1s consultas por los trastornos de piel que produce el uso constante del barbijo casero durante la pandemia.<\/strong><\/h3>\n<p>El tapabocas se ha convertido en el accesorio fundamental para protegerse y prevenir el contagio de COVID-19 en caso de salir de casa.<\/p>\n<p>Sin embargo, el uso constante de estas m\u00e1scaras est\u00e1 provocando en algunas personas un efecto secundario que resulta desagradable para muchos, aparecen manchas, granos, espinillas, b\u00e1sicamente acn\u00e9.<\/p>\n<p>Estos brotes aparecen luego de usar un tapabocas y se han vuelto bastante comunes en redes sociales, tanto que el fen\u00f3meno fue bautizado con el t\u00e9rmino\u00a0<strong>Maskne<\/strong>,\u00a0combinando las palabras\u00a0mask\u00a0(m\u00e1scara en ingl\u00e9s) y acn\u00e9.<\/p>\n<p>De hecho, el maskne tiene su propio t\u00e9rmino t\u00e9cnico, acn\u00e9 mec\u00e1nico, producto de la fricci\u00f3n mec\u00e1nica de un tejido contra la piel. Las personas que usan cascos y protectores de ment\u00f3n son tambi\u00e9n propensas a estos brotes.<\/p>\n<h3><strong>Consejos para evitar el \u201cacn\u00e9 de tapabocas\u201d<\/strong><\/h3>\n<p>Los dermat\u00f3logos recomiendan utilizar telas que sean cien por ciento algod\u00f3n porque permite que tu piel respire un poco. \u201cHay que tratarlo como si fuera ropa interior y lavarlo con frecuencia\u201d.<\/p>\n<p>Una buena medida es pensar que el tapabocas vino para quedarse, por lo tanto es bueno adoptar una rutina constante de cuidado de la piel: un limpiador suave que no contenga jab\u00f3n y un humectante ligero sin fragancia. \u201cEs mejor optar por pocos ingredientes que por muchos\u201d.<\/p>\n<p>Con respecto al maquillaje, se recomienda usarlo de forma limitada, por ejemplo, para una videollamada, pero luego retirarlo. \u201cEste es el momento para reducir su uso de verdad\u201d,\u00a0 si no se quiere evitar, se recomienda utilizar un humectante con protecci\u00f3n solar, agua micelar o un limpiador suave para retirarlo. Finalmente, se puede aplicar un humectante o los productos que se usan durante la noche.<\/p>\n<p>&nbsp;<\/p>\n","protected":false},"excerpt":{"rendered":"<p>Los dermat\u00f3logos reciben cada vez m\u00e1s consultas por los trastornos de piel que produce el uso constante del barbijo casero durante la pandemia. El tapabocas se ha convertido en el accesorio fundamental para protegerse y prevenir el contagio de COVID-19 en caso de salir de casa. Sin embargo, el uso constante de estas m\u00e1scaras est\u00e1 [&hellip;]<\/p>\n","protected":false},"author":1,"featured_media":88505,"comment_status":"closed","ping_status":"closed","sticky":false,"template":"","format":"standard","meta":{"_seopress_robots_primary_cat":"","_seopress_titles_title":"","_seopress_titles_desc":"","_seopress_robots_index":"","footnotes":""},"categories":[8],"tags":[32214,32215,32216],"class_list":{"0":"post-88504","1":"post","2":"type-post","3":"status-publish","4":"format-standard","5":"has-post-thumbnail","7":"category-curiosidades","8":"tag-acne-por-usar-tapabocas","9":"tag-causas-del-acne-macanico","10":"tag-consejos-para-evitar-el-acne-mecanico"},"_links":{"self":[{"href":"https:\/\/www.cordobatimes.com\/showup\/wp-json\/wp\/v2\/posts\/88504","targetHints":{"allow":["GET"]}}],"collection":[{"href":"https:\/\/www.cordobatimes.com\/showup\/wp-json\/wp\/v2\/posts"}],"about":[{"href":"https:\/\/www.cordobatimes.com\/showup\/wp-json\/wp\/v2\/types\/post"}],"author":[{"embeddable":true,"href":"https:\/\/www.cordobatimes.com\/showup\/wp-json\/wp\/v2\/users\/1"}],"replies":[{"embeddable":true,"href":"https:\/\/www.cordobatimes.com\/showup\/wp-json\/wp\/v2\/comments?post=88504"}],"version-history":[{"count":0,"href":"https:\/\/www.cordobatimes.com\/showup\/wp-json\/wp\/v2\/posts\/88504\/revisions"}],"wp:featuredmedia":[{"embeddable":true,"href":"https:\/\/www.cordobatimes.com\/showup\/wp-json\/wp\/v2\/media\/88505"}],"wp:attachment":[{"href":"https:\/\/www.cordobatimes.com\/showup\/wp-json\/wp\/v2\/media?parent=88504"}],"wp:term":[{"taxonomy":"category","embeddable":true,"href":"https:\/\/www.cordobatimes.com\/showup\/wp-json\/wp\/v2\/categories?post=88504"},{"taxonomy":"post_tag","embeddable":true,"href":"https:\/\/www.cordobatimes.com\/showup\/wp-json\/wp\/v2\/tags?post=88504"}],"curies":[{"name":"wp","href":"https:\/\/api.w.org\/{rel}","templated":true}]}}