{"id":88482,"date":"2020-07-24T16:25:20","date_gmt":"2020-07-24T19:25:20","guid":{"rendered":"https:\/\/www.cordobatimes.com\/showup\/?p=88482"},"modified":"2020-07-24T16:25:20","modified_gmt":"2020-07-24T19:25:20","slug":"las-tendencias-que-se-van-a-usar-en-2021-segun-el-inti","status":"publish","type":"post","link":"https:\/\/www.cordobatimes.com\/showup\/moda-y-estilos\/2020\/07\/24\/las-tendencias-que-se-van-a-usar-en-2021-segun-el-inti\/","title":{"rendered":"Las tendencias qu\u00e9 se van a usar en 2021, seg\u00fan el INTI"},"content":{"rendered":"<h3><strong>Inspiraciones bot\u00e1nicas, texturas hologr\u00e1ficas, mangas puff y el regreso del estampado b\u00falgaro.<\/strong><\/h3>\n<p>Seg\u00fan el informe del Observatorio de Tendencias del INTI Textiles el futuro llega en un formato de experiencias que acercan al usuario a sus marcas preferidas. Un universo de plataformas digitales donde la cercan\u00eda es el recurso clave para promover conversaciones permanentes. El relevamiento que todos los a\u00f1os presenta el Instituto Nacional de Tecnolog\u00eda Industrial (INTI) va por su edici\u00f3n 36 y traza una cartograf\u00eda de lo que va a venir en materia de moda para el 2020 \/ 2021. A partir del an\u00e1lisis de las pasarelas internacionales, medios y sitios especializados, los nuevos lenguajes y estrategias de comunicaci\u00f3n ya tienen su propio manifiesto.<\/p>\n<p>Formas simples, nudos, texturas met\u00e1licas, colores tapioca, lark, orange peel (seg\u00fan el \u00faltimo cat\u00e1logo de Pantone), sastrer\u00eda amplia y monocrom\u00e1tica. Pero tambi\u00e9n bordados barrocos, estampados asi\u00e1ticos, vol\u00famenes esculturales, volados de tul, estampados b\u00falgaro y ruedos balloon en vestidos.<\/p>\n<p>Las cinturas acentuadas y las siluetas trapecio se combinan con propuestas irregulares y superpuestas. El contraste llegar\u00e1 de la mano de polleras de tul estilo princesa, con perlas y brillantes en los accesorios junto a residuos de lujo a partir de la biofabricaci\u00f3n: la firma H&amp;M lanzar\u00e1 una l\u00ednea de seda alternativa y biocuero realizada con c\u00e1scaras de naranjas.<\/p>\n<h3><strong>Estampados vibrantes<\/strong><\/h3>\n<h3><img alt=\"\" loading=\"lazy\" decoding=\"async\" class=\"alignnone size-full wp-image-88484\" src=\"https:\/\/www.cordobatimes.com\/showup\/wp-content\/uploads\/2020\/07\/021021.jpg\" alt=\"\" width=\"691\" height=\"299\" \/><\/h3>\n<p>El fucsia se impone en las pasarelas y en el plano urbano. Pantone define el tono como Beetroot Purple.<\/p>\n<h3><\/h3>\n<h3><strong>Natural y Empoderada<\/strong><\/h3>\n<p><img alt=\"\" loading=\"lazy\" decoding=\"async\" class=\"alignnone wp-image-88485 size-full\" src=\"https:\/\/www.cordobatimes.com\/showup\/wp-content\/uploads\/2020\/07\/Natural-y-Empoderada.jpg\" alt=\"\" width=\"738\" height=\"489\" srcset=\"https:\/\/www.cordobatimes.com\/showup\/wp-content\/uploads\/2020\/07\/Natural-y-Empoderada.jpg 738w, https:\/\/www.cordobatimes.com\/showup\/wp-content\/uploads\/2020\/07\/Natural-y-Empoderada-634x420.jpg 634w, https:\/\/www.cordobatimes.com\/showup\/wp-content\/uploads\/2020\/07\/Natural-y-Empoderada-696x461.jpg 696w\" sizes=\"auto, (max-width: 738px) 100vw, 738px\" \/><\/p>\n<p>La firma Christian Dior se inspir\u00f3 en Catherine Dior, la hermana de Christian, prisionera en un campo de concentraci\u00f3n y luchadora de la resistencia que luego se convirti\u00f3 en una exitosa jardinera y bot\u00e1nica.<\/p>\n<p>&nbsp;<\/p>\n<h3>\u00a0<strong>Impresiones bot\u00e1nicas<\/strong><\/h3>\n<p><img alt=\"\" loading=\"lazy\" decoding=\"async\" class=\"alignnone wp-image-88486 \" src=\"https:\/\/www.cordobatimes.com\/showup\/wp-content\/uploads\/2020\/07\/Impresiones-bot\u00e1nicas.jpg\" alt=\"\" width=\"736\" height=\"487\" srcset=\"https:\/\/www.cordobatimes.com\/showup\/wp-content\/uploads\/2020\/07\/Impresiones-bot\u00e1nicas.jpg 736w, https:\/\/www.cordobatimes.com\/showup\/wp-content\/uploads\/2020\/07\/Impresiones-bot\u00e1nicas-635x420.jpg 635w, https:\/\/www.cordobatimes.com\/showup\/wp-content\/uploads\/2020\/07\/Impresiones-bot\u00e1nicas-696x461.jpg 696w\" sizes=\"auto, (max-width: 736px) 100vw, 736px\" \/><\/p>\n<p>Las flores se imponen en prendas completas y se enfatizan el efecto visual con los mismos patrones cuando se trata de distintas tipolog\u00edas.<\/p>\n<p>&nbsp;<\/p>\n<h3><strong>Modo Hologr\u00e1fico<\/strong><\/h3>\n<p><img alt=\"\" loading=\"lazy\" decoding=\"async\" class=\"alignnone wp-image-88483 size-full\" src=\"https:\/\/www.cordobatimes.com\/showup\/wp-content\/uploads\/2020\/07\/Las-tendencias-qu\u00e9-se-van-a-usar-en-2021-seg\u00fan-el-INTI.jpg\" alt=\"\" width=\"1033\" height=\"688\" srcset=\"https:\/\/www.cordobatimes.com\/showup\/wp-content\/uploads\/2020\/07\/Las-tendencias-qu\u00e9-se-van-a-usar-en-2021-seg\u00fan-el-INTI.jpg 1033w, https:\/\/www.cordobatimes.com\/showup\/wp-content\/uploads\/2020\/07\/Las-tendencias-qu\u00e9-se-van-a-usar-en-2021-seg\u00fan-el-INTI-631x420.jpg 631w, https:\/\/www.cordobatimes.com\/showup\/wp-content\/uploads\/2020\/07\/Las-tendencias-qu\u00e9-se-van-a-usar-en-2021-seg\u00fan-el-INTI-1024x682.jpg 1024w, https:\/\/www.cordobatimes.com\/showup\/wp-content\/uploads\/2020\/07\/Las-tendencias-qu\u00e9-se-van-a-usar-en-2021-seg\u00fan-el-INTI-768x512.jpg 768w, https:\/\/www.cordobatimes.com\/showup\/wp-content\/uploads\/2020\/07\/Las-tendencias-qu\u00e9-se-van-a-usar-en-2021-seg\u00fan-el-INTI-696x464.jpg 696w\" sizes=\"auto, (max-width: 1033px) 100vw, 1033px\" \/><\/p>\n<p>Materiales iridiscentes que generan percepci\u00f3n de movimientos. Inspiraci\u00f3n en plataformas digitales, formatos inflados, texturas reflectantes y motivos hologr\u00e1ficos.<\/p>\n<p>&nbsp;<\/p>\n<h3><strong>Encajes<\/strong><\/h3>\n<p><img alt=\"\" loading=\"lazy\" decoding=\"async\" class=\"alignnone wp-image-88487 size-full\" src=\"https:\/\/www.cordobatimes.com\/showup\/wp-content\/uploads\/2020\/07\/Encajes.jpg\" alt=\"\" width=\"740\" height=\"493\" srcset=\"https:\/\/www.cordobatimes.com\/showup\/wp-content\/uploads\/2020\/07\/Encajes.jpg 740w, https:\/\/www.cordobatimes.com\/showup\/wp-content\/uploads\/2020\/07\/Encajes-630x420.jpg 630w, https:\/\/www.cordobatimes.com\/showup\/wp-content\/uploads\/2020\/07\/Encajes-696x464.jpg 696w\" sizes=\"auto, (max-width: 740px) 100vw, 740px\" \/><\/p>\n<p>Ornamentales y transparentes llegan a la moda para hombres en sweaters finos y camisetas. La pasarela de Louis Vuitton los mostr\u00f3 en galones y como accesorios.<\/p>\n<p>&nbsp;<\/p>\n<p><strong>Estilo Bohemio<\/strong><\/p>\n<p><img alt=\"\" loading=\"lazy\" decoding=\"async\" class=\"alignnone wp-image-88488 size-full\" src=\"https:\/\/www.cordobatimes.com\/showup\/wp-content\/uploads\/2020\/07\/Estilo-Bohemio.jpg\" alt=\"\" width=\"740\" height=\"493\" srcset=\"https:\/\/www.cordobatimes.com\/showup\/wp-content\/uploads\/2020\/07\/Estilo-Bohemio.jpg 740w, https:\/\/www.cordobatimes.com\/showup\/wp-content\/uploads\/2020\/07\/Estilo-Bohemio-630x420.jpg 630w, https:\/\/www.cordobatimes.com\/showup\/wp-content\/uploads\/2020\/07\/Estilo-Bohemio-696x464.jpg 696w\" sizes=\"auto, (max-width: 740px) 100vw, 740px\" \/><\/p>\n<p>El broderie de tipo Anglaise seg\u00fan la versi\u00f3n de Maison Leveque para vestidos largos y cortos.<\/p>\n<p>&nbsp;<\/p>\n<h3>\u00a0<strong>Pa\u00f1uelos Carr\u00e9s<\/strong><\/h3>\n<p><img alt=\"\" loading=\"lazy\" decoding=\"async\" class=\"alignnone wp-image-88489 size-full\" src=\"https:\/\/www.cordobatimes.com\/showup\/wp-content\/uploads\/2020\/07\/Pa\u00f1uelos-Carr\u00e9s.jpg\" alt=\"\" width=\"740\" height=\"493\" srcset=\"https:\/\/www.cordobatimes.com\/showup\/wp-content\/uploads\/2020\/07\/Pa\u00f1uelos-Carr\u00e9s.jpg 740w, https:\/\/www.cordobatimes.com\/showup\/wp-content\/uploads\/2020\/07\/Pa\u00f1uelos-Carr\u00e9s-630x420.jpg 630w, https:\/\/www.cordobatimes.com\/showup\/wp-content\/uploads\/2020\/07\/Pa\u00f1uelos-Carr\u00e9s-696x464.jpg 696w\" sizes=\"auto, (max-width: 740px) 100vw, 740px\" \/><\/p>\n<p>Los emblem\u00e1ticos pa\u00f1uelos de seda con estampados geom\u00e9tricos de Herm\u00e8s se trasladan a otras partes del cuerpo y se usan anudados en diagonal, sobre camisas y faldas como sobrecapa.<\/p>\n<p>&nbsp;<\/p>\n<h3><strong>B\u00falgaros<\/strong><\/h3>\n<p><img alt=\"\" loading=\"lazy\" decoding=\"async\" class=\"alignnone wp-image-88490 size-full\" src=\"https:\/\/www.cordobatimes.com\/showup\/wp-content\/uploads\/2020\/07\/B\u00falgaros.jpg\" alt=\"\" width=\"740\" height=\"493\" srcset=\"https:\/\/www.cordobatimes.com\/showup\/wp-content\/uploads\/2020\/07\/B\u00falgaros.jpg 740w, https:\/\/www.cordobatimes.com\/showup\/wp-content\/uploads\/2020\/07\/B\u00falgaros-630x420.jpg 630w, https:\/\/www.cordobatimes.com\/showup\/wp-content\/uploads\/2020\/07\/B\u00falgaros-696x464.jpg 696w\" sizes=\"auto, (max-width: 740px) 100vw, 740px\" \/><\/p>\n<p>Se privilegian las texturas envejecidas y las irregularidades de los procesos artesanales, en prendas amplias y c\u00f3modas.<\/p>\n<p>&nbsp;<\/p>\n<h3>\u00a0<strong>Detalles barrocos<\/strong><\/h3>\n<p><img alt=\"\" loading=\"lazy\" decoding=\"async\" class=\"alignnone wp-image-88491 size-full\" src=\"https:\/\/www.cordobatimes.com\/showup\/wp-content\/uploads\/2020\/07\/Detalles-barrocos.jpg\" alt=\"\" width=\"740\" height=\"493\" srcset=\"https:\/\/www.cordobatimes.com\/showup\/wp-content\/uploads\/2020\/07\/Detalles-barrocos.jpg 740w, https:\/\/www.cordobatimes.com\/showup\/wp-content\/uploads\/2020\/07\/Detalles-barrocos-630x420.jpg 630w, https:\/\/www.cordobatimes.com\/showup\/wp-content\/uploads\/2020\/07\/Detalles-barrocos-696x464.jpg 696w\" sizes=\"auto, (max-width: 740px) 100vw, 740px\" \/><\/p>\n<p>La revalorizaci\u00f3n de saberes ancestrales en tejidos a mano, como brocatos y Jacquard. Los detalles hist\u00f3ricos cobran relevancia en superficies laminadas y los textiles bordados con motivos florales se suman a las mangas amplias, corseter\u00edas, shorts y bermudas. Los peinados XL completan el outfit.<\/p>\n<p>&nbsp;<\/p>\n<h3><strong>Plataformas<\/strong><\/h3>\n<p><img alt=\"\" loading=\"lazy\" decoding=\"async\" class=\"alignnone wp-image-88492 size-full\" src=\"https:\/\/www.cordobatimes.com\/showup\/wp-content\/uploads\/2020\/07\/Plataformas.jpg\" alt=\"\" width=\"740\" height=\"493\" srcset=\"https:\/\/www.cordobatimes.com\/showup\/wp-content\/uploads\/2020\/07\/Plataformas.jpg 740w, https:\/\/www.cordobatimes.com\/showup\/wp-content\/uploads\/2020\/07\/Plataformas-630x420.jpg 630w, https:\/\/www.cordobatimes.com\/showup\/wp-content\/uploads\/2020\/07\/Plataformas-696x464.jpg 696w\" sizes=\"auto, (max-width: 740px) 100vw, 740px\" \/><\/p>\n<p>Altura y comodidad para sandalias y botas que extienden el \u00abyo corporal\u00bb y acompa\u00f1an el calzado con motivos tapiceros y agregados ornamentales.<\/p>\n<p>&nbsp;<\/p>\n<h3>\u00a0<strong>Tules XL<\/strong><\/h3>\n<p><img alt=\"\" loading=\"lazy\" decoding=\"async\" class=\"alignnone wp-image-88493 size-full\" src=\"https:\/\/www.cordobatimes.com\/showup\/wp-content\/uploads\/2020\/07\/Tules-XL.jpg\" alt=\"\" width=\"740\" height=\"493\" srcset=\"https:\/\/www.cordobatimes.com\/showup\/wp-content\/uploads\/2020\/07\/Tules-XL.jpg 740w, https:\/\/www.cordobatimes.com\/showup\/wp-content\/uploads\/2020\/07\/Tules-XL-630x420.jpg 630w, https:\/\/www.cordobatimes.com\/showup\/wp-content\/uploads\/2020\/07\/Tules-XL-696x464.jpg 696w\" sizes=\"auto, (max-width: 740px) 100vw, 740px\" \/><\/p>\n<p>La exageraci\u00f3n textil es la propuesta de las pasarelas de Molli Goddard, que propone que el p\u00fablico tome contacto directo con las texturas.<\/p>\n<p>&nbsp;<\/p>\n<h3><strong>Mangas puff<\/strong><\/h3>\n<p><img alt=\"\" loading=\"lazy\" decoding=\"async\" class=\"alignnone wp-image-88494 size-full\" src=\"https:\/\/www.cordobatimes.com\/showup\/wp-content\/uploads\/2020\/07\/3152311w740.jpg\" alt=\"\" width=\"740\" height=\"493\" srcset=\"https:\/\/www.cordobatimes.com\/showup\/wp-content\/uploads\/2020\/07\/3152311w740.jpg 740w, https:\/\/www.cordobatimes.com\/showup\/wp-content\/uploads\/2020\/07\/3152311w740-630x420.jpg 630w, https:\/\/www.cordobatimes.com\/showup\/wp-content\/uploads\/2020\/07\/3152311w740-696x464.jpg 696w\" sizes=\"auto, (max-width: 740px) 100vw, 740px\" \/><\/p>\n<p>Trascienden las temporadas y se suman a tops, camisas, chaquetas livianas y vestidos. Se combinan con cinturas acentuadas y concentran el volumen en hombros para ir bajando gradualmente. Aparecen tambi\u00e9n medias mangas superpuestas, como accesorios.<\/p>\n","protected":false},"excerpt":{"rendered":"<p>Inspiraciones bot\u00e1nicas, texturas hologr\u00e1ficas, mangas puff y el regreso del estampado b\u00falgaro. Seg\u00fan el informe del Observatorio de Tendencias del INTI Textiles el futuro llega en un formato de experiencias que acercan al usuario a sus marcas preferidas. Un universo de plataformas digitales donde la cercan\u00eda es el recurso clave para promover conversaciones permanentes. El [&hellip;]<\/p>\n","protected":false},"author":1,"featured_media":88483,"comment_status":"closed","ping_status":"closed","sticky":false,"template":"","format":"standard","meta":{"_seopress_robots_primary_cat":"","_seopress_titles_title":"","_seopress_titles_desc":"","_seopress_robots_index":"","footnotes":""},"categories":[228],"tags":[32208,32207],"class_list":{"0":"post-88482","1":"post","2":"type-post","3":"status-publish","4":"format-standard","5":"has-post-thumbnail","7":"category-moda-y-estilos","8":"tag-moda-2021","9":"tag-tendencias-de-moda-2021"},"_links":{"self":[{"href":"https:\/\/www.cordobatimes.com\/showup\/wp-json\/wp\/v2\/posts\/88482","targetHints":{"allow":["GET"]}}],"collection":[{"href":"https:\/\/www.cordobatimes.com\/showup\/wp-json\/wp\/v2\/posts"}],"about":[{"href":"https:\/\/www.cordobatimes.com\/showup\/wp-json\/wp\/v2\/types\/post"}],"author":[{"embeddable":true,"href":"https:\/\/www.cordobatimes.com\/showup\/wp-json\/wp\/v2\/users\/1"}],"replies":[{"embeddable":true,"href":"https:\/\/www.cordobatimes.com\/showup\/wp-json\/wp\/v2\/comments?post=88482"}],"version-history":[{"count":0,"href":"https:\/\/www.cordobatimes.com\/showup\/wp-json\/wp\/v2\/posts\/88482\/revisions"}],"wp:featuredmedia":[{"embeddable":true,"href":"https:\/\/www.cordobatimes.com\/showup\/wp-json\/wp\/v2\/media\/88483"}],"wp:attachment":[{"href":"https:\/\/www.cordobatimes.com\/showup\/wp-json\/wp\/v2\/media?parent=88482"}],"wp:term":[{"taxonomy":"category","embeddable":true,"href":"https:\/\/www.cordobatimes.com\/showup\/wp-json\/wp\/v2\/categories?post=88482"},{"taxonomy":"post_tag","embeddable":true,"href":"https:\/\/www.cordobatimes.com\/showup\/wp-json\/wp\/v2\/tags?post=88482"}],"curies":[{"name":"wp","href":"https:\/\/api.w.org\/{rel}","templated":true}]}}