{"id":88479,"date":"2020-07-24T11:11:57","date_gmt":"2020-07-24T14:11:57","guid":{"rendered":"https:\/\/www.cordobatimes.com\/showup\/?p=88479"},"modified":"2020-07-24T11:11:57","modified_gmt":"2020-07-24T14:11:57","slug":"angela-torres-lanzo-el-videoclip-de-guapo","status":"publish","type":"post","link":"https:\/\/www.cordobatimes.com\/showup\/musica\/2020\/07\/24\/angela-torres-lanzo-el-videoclip-de-guapo\/","title":{"rendered":"\u00c1ngela Torres lanz\u00f3 el videoclip de \u00abGuapo\u00bb"},"content":{"rendered":"<h3><strong>La cantante mostr\u00f3 un nuevo adelanto de su pr\u00f3ximo disco La Ni\u00f1a de Fuego.<\/strong><\/h3>\n<p>\u00c1ngela Torres sigue adelantando temas de su nuevo disco. Primero sali\u00f3 a escena con \u00abAl\u00f3\u00bb, con un v\u00eddeo filmado \u00edntegramente por ella en su casa. Ahora abre el juego con \u00abGuapo\u00bb, una canci\u00f3n que muestra su modo de ver la vida, que habla sobre el feminismo y el peso real que tiene la amistad.<\/p>\n<p>\u00abSiento que es una canci\u00f3n demasiado transparente: suena a m\u00ed!\u00a0Si mi cuerpo tuviera una melod\u00eda, ser\u00eda la de Guapo\u00bb, reflexiona la cantante en el comunicado oficial del lanzamiento. Sobre la letra, explica: \u00abMe inspir\u00e9 en momentos concretos vividos con mis amigues, saliendo a bailar, en boliches\u00bb. Por eso el video esta protagonizado por sus m\u00e1s cercanos. Durante la canci\u00f3n dispara contundente: \u00abTiran piedras yo les tiro flores\u00bb.<\/p>\n<p>Durante el clip aparecen\u00a0Lizardo, Ofelia Fern\u00e1ndez, Rechi Muzzi, Wawa, Alizzz, Iber\u00ea Forte y Peter Ehrlich,\u00a0de la agencia Picante.<\/p>\n<p><iframe loading=\"lazy\" src=\"https:\/\/www.youtube.com\/embed\/MF7cCK0iJeU\" width=\"560\" height=\"315\" frameborder=\"0\" allowfullscreen=\"allowfullscreen\"><\/iframe><\/p>\n<p>La Ni\u00f1a de Fuego es su pr\u00f3ximo material. El \u00e1lbum fue grabado en Espa\u00f1a durante los meses de verano. Para la placa eligi\u00f3 a Alizzz como productor, un famoso referente de la nueva escena que trabaj\u00f3 con artistas como Rosal\u00eda. \u00abFue una de las mejores cosas que me pas\u00f3 en la vida laburar con \u00e9l\u00bb.<\/p>\n<p>La joven artista- que sue\u00f1a con un feat con Ariana Grande- eligi\u00f3 para titular el disco el nombre de una emblem\u00e1tica pel\u00edcula de su abuela, Lolita Torres. La cantante cont\u00f3 que descubri\u00f3 el peso del t\u00edtulo dos a\u00f1os atr\u00e1s durante un viaje y que luego de hablarlo con su productor decidi\u00f3 que era lo m\u00e1s representativo para su pr\u00f3ximo proyecto.<\/p>\n","protected":false},"excerpt":{"rendered":"<p>La cantante mostr\u00f3 un nuevo adelanto de su pr\u00f3ximo disco La Ni\u00f1a de Fuego. \u00c1ngela Torres sigue adelantando temas de su nuevo disco. Primero sali\u00f3 a escena con \u00abAl\u00f3\u00bb, con un v\u00eddeo filmado \u00edntegramente por ella en su casa. Ahora abre el juego con \u00abGuapo\u00bb, una canci\u00f3n que muestra su modo de ver la vida, [&hellip;]<\/p>\n","protected":false},"author":1,"featured_media":88480,"comment_status":"closed","ping_status":"closed","sticky":false,"template":"","format":"standard","meta":{"_seopress_robots_primary_cat":"","_seopress_titles_title":"","_seopress_titles_desc":"","_seopress_robots_index":"","footnotes":""},"categories":[5],"tags":[32206,32205],"class_list":{"0":"post-88479","1":"post","2":"type-post","3":"status-publish","4":"format-standard","5":"has-post-thumbnail","7":"category-musica","8":"tag-angela-torres-disco-la-nina-de-fuego","9":"tag-angela-torres-guapo"},"_links":{"self":[{"href":"https:\/\/www.cordobatimes.com\/showup\/wp-json\/wp\/v2\/posts\/88479","targetHints":{"allow":["GET"]}}],"collection":[{"href":"https:\/\/www.cordobatimes.com\/showup\/wp-json\/wp\/v2\/posts"}],"about":[{"href":"https:\/\/www.cordobatimes.com\/showup\/wp-json\/wp\/v2\/types\/post"}],"author":[{"embeddable":true,"href":"https:\/\/www.cordobatimes.com\/showup\/wp-json\/wp\/v2\/users\/1"}],"replies":[{"embeddable":true,"href":"https:\/\/www.cordobatimes.com\/showup\/wp-json\/wp\/v2\/comments?post=88479"}],"version-history":[{"count":0,"href":"https:\/\/www.cordobatimes.com\/showup\/wp-json\/wp\/v2\/posts\/88479\/revisions"}],"wp:featuredmedia":[{"embeddable":true,"href":"https:\/\/www.cordobatimes.com\/showup\/wp-json\/wp\/v2\/media\/88480"}],"wp:attachment":[{"href":"https:\/\/www.cordobatimes.com\/showup\/wp-json\/wp\/v2\/media?parent=88479"}],"wp:term":[{"taxonomy":"category","embeddable":true,"href":"https:\/\/www.cordobatimes.com\/showup\/wp-json\/wp\/v2\/categories?post=88479"},{"taxonomy":"post_tag","embeddable":true,"href":"https:\/\/www.cordobatimes.com\/showup\/wp-json\/wp\/v2\/tags?post=88479"}],"curies":[{"name":"wp","href":"https:\/\/api.w.org\/{rel}","templated":true}]}}