{"id":88424,"date":"2020-07-21T11:58:18","date_gmt":"2020-07-21T14:58:18","guid":{"rendered":"https:\/\/www.cordobatimes.com\/showup\/?p=88424"},"modified":"2020-07-21T11:58:18","modified_gmt":"2020-07-21T14:58:18","slug":"disney-libera-un-trailer-de-el-album-visual-de-beyonce-black-is-king","status":"publish","type":"post","link":"https:\/\/www.cordobatimes.com\/showup\/cine-y-series\/2020\/07\/21\/disney-libera-un-trailer-de-el-album-visual-de-beyonce-black-is-king\/","title":{"rendered":"Disney libera un tr\u00e1iler de el \u00e1lbum visual de Beyonc\u00e9, \u00abBlack is King\u00bb"},"content":{"rendered":"<h3><strong>El proyecto, escrito, dirigido y producido por la cantante,\u00a0es \u00abun homenaje para que el mundo conozca la experiencia negra\u00bb.<\/strong><\/h3>\n<p>Disney ha lanzado el nuevo tr\u00e1iler de\u00a0Black is King, \u00e1lbum visual de\u00a0Beyonc\u00e9\u00a0que llegar\u00e1 a\u00a0Disney+\u00a0el pr\u00f3ximo 31 de julio. El proyecto ha sido escrito, dirigido y producido por la cantante y est\u00e1 basado en la m\u00fasica de\u00a0The Lion King: The Gift.<\/p>\n<p><iframe loading=\"lazy\" width=\"560\" height=\"315\" src=\"https:\/\/www.youtube.com\/embed\/69MO7yU0d70\" frameborder=\"0\" allow=\"accelerometer; autoplay; encrypted-media; gyroscope; picture-in-picture\" allowfullscreen><\/iframe><\/p>\n<p>Tal como se\u00f1ala Disney, Black Is King es \u00abun homenaje para que el mundo conozca la experiencia negra\u00bb a trav\u00e9s de la m\u00fasica y la narraci\u00f3n cinematogr\u00e1fica. \u00abFuiste creado por el calor de la galaxia. Imag\u00ednate ser una persona \u00fanica y familiar a la vez, ser uno entre tantos iguales y a\u00fan as\u00ed no ser igual a nadie m\u00e1s. La vida es una serie de decisiones. Lidera o s\u00e9 liderado, gu\u00eda tu vida o pi\u00e9rdela\u00bb, dice la int\u00e9rprete en el adelanto.<\/p>\n<p>El clip tambi\u00e9n desvela algunos de los cameos de la producci\u00f3n, destacando las apariciones de Naomi Campbell, Lupita Nyong&#8217;o, Jay-Z, Kelly Rowland, Pharrell Williams, Aweng Ade-Chuol y Adut Akech. En este nuevo formato adem\u00e1s sonar\u00e1n temas como Already, Brown Skin Girl,Mood 4 Eva My Power, canciones que se escuchan en el tr\u00e1iler.<\/p>\n<p>La producci\u00f3n de Black Is King ha durado un a\u00f1o y ha contado con directores como Emmanuel Adjei, Blitz Bazawule, Pierre Debusschere, Jenn Nkiru, Ibra Ake, Dikayl Rimmasch, Jake Nava y Kwasi Fordjour. El rodaje tuvo lugar en varias localizaciones como Nueva York, Los \u00c1ngeles, Sud\u00e1frica, \u00c1frica occidental, Londres y B\u00e9lgica.<\/p>\n<p>Simult\u00e1neamente al lanzamiento del tr\u00e1iler se ha anunciado un acuerdo de distribuci\u00f3n para que Black is King llegue a gran parte del continente africano, incluyendo Sud\u00e1frica, Nigeria, Ghana, Etiop\u00eda, Namibia, Camer\u00fan, Liberia, Burundi, Senegal, Togo, Somalia, Ben\u00edn, Congo, Kenia, Costa de Marfil, Zimbabue, Malawi, Gab\u00f3n, Cabo Verde y m\u00e1s pa\u00edses a trav\u00e9s de M-Net de Multichoice Group y Canal+ Afrique.<\/p>\n","protected":false},"excerpt":{"rendered":"<p>El proyecto, escrito, dirigido y producido por la cantante,\u00a0es \u00abun homenaje para que el mundo conozca la experiencia negra\u00bb. Disney ha lanzado el nuevo tr\u00e1iler de\u00a0Black is King, \u00e1lbum visual de\u00a0Beyonc\u00e9\u00a0que llegar\u00e1 a\u00a0Disney+\u00a0el pr\u00f3ximo 31 de julio. El proyecto ha sido escrito, dirigido y producido por la cantante y est\u00e1 basado en la m\u00fasica de\u00a0The [&hellip;]<\/p>\n","protected":false},"author":1,"featured_media":88425,"comment_status":"closed","ping_status":"closed","sticky":false,"template":"","format":"standard","meta":{"_seopress_robots_primary_cat":"","_seopress_titles_title":"","_seopress_titles_desc":"","_seopress_robots_index":"","footnotes":""},"categories":[3],"tags":[32173,32172],"class_list":{"0":"post-88424","1":"post","2":"type-post","3":"status-publish","4":"format-standard","5":"has-post-thumbnail","7":"category-cine-y-series","8":"tag-trailer-de-black-is-king","9":"tag-trailer-de-el-album-visual-de-beyonce-black-is-king"},"_links":{"self":[{"href":"https:\/\/www.cordobatimes.com\/showup\/wp-json\/wp\/v2\/posts\/88424","targetHints":{"allow":["GET"]}}],"collection":[{"href":"https:\/\/www.cordobatimes.com\/showup\/wp-json\/wp\/v2\/posts"}],"about":[{"href":"https:\/\/www.cordobatimes.com\/showup\/wp-json\/wp\/v2\/types\/post"}],"author":[{"embeddable":true,"href":"https:\/\/www.cordobatimes.com\/showup\/wp-json\/wp\/v2\/users\/1"}],"replies":[{"embeddable":true,"href":"https:\/\/www.cordobatimes.com\/showup\/wp-json\/wp\/v2\/comments?post=88424"}],"version-history":[{"count":0,"href":"https:\/\/www.cordobatimes.com\/showup\/wp-json\/wp\/v2\/posts\/88424\/revisions"}],"wp:featuredmedia":[{"embeddable":true,"href":"https:\/\/www.cordobatimes.com\/showup\/wp-json\/wp\/v2\/media\/88425"}],"wp:attachment":[{"href":"https:\/\/www.cordobatimes.com\/showup\/wp-json\/wp\/v2\/media?parent=88424"}],"wp:term":[{"taxonomy":"category","embeddable":true,"href":"https:\/\/www.cordobatimes.com\/showup\/wp-json\/wp\/v2\/categories?post=88424"},{"taxonomy":"post_tag","embeddable":true,"href":"https:\/\/www.cordobatimes.com\/showup\/wp-json\/wp\/v2\/tags?post=88424"}],"curies":[{"name":"wp","href":"https:\/\/api.w.org\/{rel}","templated":true}]}}