{"id":88405,"date":"2020-07-20T13:36:43","date_gmt":"2020-07-20T16:36:43","guid":{"rendered":"https:\/\/www.cordobatimes.com\/showup\/?p=88405"},"modified":"2020-07-20T13:36:43","modified_gmt":"2020-07-20T16:36:43","slug":"elite-la-nueva-generacion-de-las-encinas","status":"publish","type":"post","link":"https:\/\/www.cordobatimes.com\/showup\/cine-y-series\/2020\/07\/20\/elite-la-nueva-generacion-de-las-encinas\/","title":{"rendered":"\u00c9lite: La nueva generaci\u00f3n de Las Encinas"},"content":{"rendered":"<h3><strong>Netflix comparti\u00f3 a los nuevos integrantes de la cuarta temporada de \u00c9lite.<\/strong><\/h3>\n<p>Manu R\u00edos, Carla D\u00edaz, Martina Cariddi y Pol Granch son los actores que se pondr\u00e1n el uniforme en la cuarta temporada de la serie, la cual a\u00fan no tiene fecha de estreno.<\/p>\n<p><img alt=\"\" loading=\"lazy\" decoding=\"async\" class=\"alignnone wp-image-88407 size-full\" src=\"https:\/\/www.cordobatimes.com\/showup\/wp-content\/uploads\/2020\/07\/kmbgfvcf.jpg\" alt=\"\" width=\"576\" height=\"560\" srcset=\"https:\/\/www.cordobatimes.com\/showup\/wp-content\/uploads\/2020\/07\/kmbgfvcf.jpg 576w, https:\/\/www.cordobatimes.com\/showup\/wp-content\/uploads\/2020\/07\/kmbgfvcf-432x420.jpg 432w\" sizes=\"auto, (max-width: 576px) 100vw, 576px\" \/><\/p>\n<p><img alt=\"\" loading=\"lazy\" decoding=\"async\" class=\"alignnone wp-image-88408 size-full\" src=\"https:\/\/www.cordobatimes.com\/showup\/wp-content\/uploads\/2020\/07\/011413.jpg\" alt=\"\" width=\"566\" height=\"569\" srcset=\"https:\/\/www.cordobatimes.com\/showup\/wp-content\/uploads\/2020\/07\/011413.jpg 566w, https:\/\/www.cordobatimes.com\/showup\/wp-content\/uploads\/2020\/07\/011413-418x420.jpg 418w\" sizes=\"auto, (max-width: 566px) 100vw, 566px\" \/> <img alt=\"\" loading=\"lazy\" decoding=\"async\" class=\"alignnone wp-image-88409 size-full\" src=\"https:\/\/www.cordobatimes.com\/showup\/wp-content\/uploads\/2020\/07\/112121.jpg\" alt=\"\" width=\"575\" height=\"567\" srcset=\"https:\/\/www.cordobatimes.com\/showup\/wp-content\/uploads\/2020\/07\/112121.jpg 575w, https:\/\/www.cordobatimes.com\/showup\/wp-content\/uploads\/2020\/07\/112121-426x420.jpg 426w\" sizes=\"auto, (max-width: 575px) 100vw, 575px\" \/> <img alt=\"\" loading=\"lazy\" decoding=\"async\" class=\"alignnone wp-image-88410 size-full\" src=\"https:\/\/www.cordobatimes.com\/showup\/wp-content\/uploads\/2020\/07\/225256245.jpg\" alt=\"\" width=\"574\" height=\"574\" srcset=\"https:\/\/www.cordobatimes.com\/showup\/wp-content\/uploads\/2020\/07\/225256245.jpg 574w, https:\/\/www.cordobatimes.com\/showup\/wp-content\/uploads\/2020\/07\/225256245-420x420.jpg 420w\" sizes=\"auto, (max-width: 574px) 100vw, 574px\" \/><\/p>\n<p>&nbsp;<\/p>\n","protected":false},"excerpt":{"rendered":"<p>Netflix comparti\u00f3 a los nuevos integrantes de la cuarta temporada de \u00c9lite. Manu R\u00edos, Carla D\u00edaz, Martina Cariddi y Pol Granch son los actores que se pondr\u00e1n el uniforme en la cuarta temporada de la serie, la cual a\u00fan no tiene fecha de estreno. &nbsp;<\/p>\n","protected":false},"author":1,"featured_media":88406,"comment_status":"closed","ping_status":"closed","sticky":false,"template":"","format":"standard","meta":{"_seopress_robots_primary_cat":"","_seopress_titles_title":"","_seopress_titles_desc":"","_seopress_robots_index":"","footnotes":""},"categories":[3],"tags":[32163,32162,32161],"class_list":{"0":"post-88405","1":"post","2":"type-post","3":"status-publish","4":"format-standard","5":"has-post-thumbnail","7":"category-cine-y-series","8":"tag-cuarta-temporada-de-elite","9":"tag-elenco-de-elite","10":"tag-nuevo-elenco-de-elite"},"_links":{"self":[{"href":"https:\/\/www.cordobatimes.com\/showup\/wp-json\/wp\/v2\/posts\/88405","targetHints":{"allow":["GET"]}}],"collection":[{"href":"https:\/\/www.cordobatimes.com\/showup\/wp-json\/wp\/v2\/posts"}],"about":[{"href":"https:\/\/www.cordobatimes.com\/showup\/wp-json\/wp\/v2\/types\/post"}],"author":[{"embeddable":true,"href":"https:\/\/www.cordobatimes.com\/showup\/wp-json\/wp\/v2\/users\/1"}],"replies":[{"embeddable":true,"href":"https:\/\/www.cordobatimes.com\/showup\/wp-json\/wp\/v2\/comments?post=88405"}],"version-history":[{"count":0,"href":"https:\/\/www.cordobatimes.com\/showup\/wp-json\/wp\/v2\/posts\/88405\/revisions"}],"wp:featuredmedia":[{"embeddable":true,"href":"https:\/\/www.cordobatimes.com\/showup\/wp-json\/wp\/v2\/media\/88406"}],"wp:attachment":[{"href":"https:\/\/www.cordobatimes.com\/showup\/wp-json\/wp\/v2\/media?parent=88405"}],"wp:term":[{"taxonomy":"category","embeddable":true,"href":"https:\/\/www.cordobatimes.com\/showup\/wp-json\/wp\/v2\/categories?post=88405"},{"taxonomy":"post_tag","embeddable":true,"href":"https:\/\/www.cordobatimes.com\/showup\/wp-json\/wp\/v2\/tags?post=88405"}],"curies":[{"name":"wp","href":"https:\/\/api.w.org\/{rel}","templated":true}]}}