{"id":88394,"date":"2020-07-17T11:50:39","date_gmt":"2020-07-17T14:50:39","guid":{"rendered":"https:\/\/www.cordobatimes.com\/showup\/?p=88394"},"modified":"2020-07-17T11:50:39","modified_gmt":"2020-07-17T14:50:39","slug":"sebastian-yatra-y-danna-paola-lanzaron-su-cancion-no-bailes-sola","status":"publish","type":"post","link":"https:\/\/www.cordobatimes.com\/showup\/musica\/2020\/07\/17\/sebastian-yatra-y-danna-paola-lanzaron-su-cancion-no-bailes-sola\/","title":{"rendered":"Sebasti\u00e1n Yatra y Danna Paola lanzaron su canci\u00f3n \u201cNo bailes sola\u201d"},"content":{"rendered":"<h3><strong>El artista colombiano present\u00f3 un nuevo tema junto a la cantante mexicana.<\/strong><\/h3>\n<p>En medio de la pandemia por el coronavirus,\u00a0Sebasti\u00e1n Yatra\u00a0y\u00a0Danna Paola\u00a0lanzaron la canci\u00f3n\u00a0No bailes sola.\u00a0Desde hace meses, los m\u00fasicos trabajaron a la distancia para poder presentar a sus miles de seguidores y fan\u00e1ticos este tema que ya ha tenido una gran repercusi\u00f3n en las redes sociales. M\u00e1s adelante tienen previsto grabar un videoclip oficial.<\/p>\n<p>\u201c\u00a1POR FIN! Mor\u00edamos de ganas de que escucharan esta canci\u00f3n que nos vuelve locooooos y estamos muy emocionados! 4 meses de espera &amp; WE DID IT (lo hicimos) @sebastianyatra.\u00a0\u00a1Sebitas gracias por tanto! Toda esa buena onda y el gran equipo que hemos hecho creando magia con esta bomba\u201d, dijo la cantante a trav\u00e9s de su cuenta de Instagram. Mientras que su colega tambi\u00e9n expres\u00f3 su felicidad por este nuevo single.<\/p>\n<p><iframe loading=\"lazy\" width=\"560\" height=\"315\" src=\"https:\/\/www.youtube.com\/embed\/_ULT1lySBHk\" frameborder=\"0\" allow=\"accelerometer; autoplay; encrypted-media; gyroscope; picture-in-picture\" allowfullscreen><\/iframe><\/p>\n","protected":false},"excerpt":{"rendered":"<p>El artista colombiano present\u00f3 un nuevo tema junto a la cantante mexicana. En medio de la pandemia por el coronavirus,\u00a0Sebasti\u00e1n Yatra\u00a0y\u00a0Danna Paola\u00a0lanzaron la canci\u00f3n\u00a0No bailes sola.\u00a0Desde hace meses, los m\u00fasicos trabajaron a la distancia para poder presentar a sus miles de seguidores y fan\u00e1ticos este tema que ya ha tenido una gran repercusi\u00f3n en las [&hellip;]<\/p>\n","protected":false},"author":1,"featured_media":88395,"comment_status":"closed","ping_status":"closed","sticky":false,"template":"","format":"standard","meta":{"_seopress_robots_primary_cat":"","_seopress_titles_title":"","_seopress_titles_desc":"","_seopress_robots_index":"","footnotes":""},"categories":[5],"tags":[32157,32158],"class_list":{"0":"post-88394","1":"post","2":"type-post","3":"status-publish","4":"format-standard","5":"has-post-thumbnail","7":"category-musica","8":"tag-sebastian-yatra-y-danna-paola","9":"tag-sebastian-yatra-y-danna-paola-no-bailes-sola"},"_links":{"self":[{"href":"https:\/\/www.cordobatimes.com\/showup\/wp-json\/wp\/v2\/posts\/88394","targetHints":{"allow":["GET"]}}],"collection":[{"href":"https:\/\/www.cordobatimes.com\/showup\/wp-json\/wp\/v2\/posts"}],"about":[{"href":"https:\/\/www.cordobatimes.com\/showup\/wp-json\/wp\/v2\/types\/post"}],"author":[{"embeddable":true,"href":"https:\/\/www.cordobatimes.com\/showup\/wp-json\/wp\/v2\/users\/1"}],"replies":[{"embeddable":true,"href":"https:\/\/www.cordobatimes.com\/showup\/wp-json\/wp\/v2\/comments?post=88394"}],"version-history":[{"count":0,"href":"https:\/\/www.cordobatimes.com\/showup\/wp-json\/wp\/v2\/posts\/88394\/revisions"}],"wp:featuredmedia":[{"embeddable":true,"href":"https:\/\/www.cordobatimes.com\/showup\/wp-json\/wp\/v2\/media\/88395"}],"wp:attachment":[{"href":"https:\/\/www.cordobatimes.com\/showup\/wp-json\/wp\/v2\/media?parent=88394"}],"wp:term":[{"taxonomy":"category","embeddable":true,"href":"https:\/\/www.cordobatimes.com\/showup\/wp-json\/wp\/v2\/categories?post=88394"},{"taxonomy":"post_tag","embeddable":true,"href":"https:\/\/www.cordobatimes.com\/showup\/wp-json\/wp\/v2\/tags?post=88394"}],"curies":[{"name":"wp","href":"https:\/\/api.w.org\/{rel}","templated":true}]}}