{"id":88389,"date":"2020-07-17T11:09:14","date_gmt":"2020-07-17T14:09:14","guid":{"rendered":"https:\/\/www.cordobatimes.com\/showup\/?p=88389"},"modified":"2020-07-17T11:09:14","modified_gmt":"2020-07-17T14:09:14","slug":"oriana-sabatini-nunca-pense-que-podrian-llegar-a-admirarme-por-mis-debilidades","status":"publish","type":"post","link":"https:\/\/www.cordobatimes.com\/showup\/influencers\/2020\/07\/17\/oriana-sabatini-nunca-pense-que-podrian-llegar-a-admirarme-por-mis-debilidades\/","title":{"rendered":"Oriana Sabatini: \u00abNunca pens\u00e9 que podr\u00edan llegar a &#8216;admirarme&#8217; por mis debilidades\u00bb"},"content":{"rendered":"<h3><strong>La cantante hizo una nueva publicaci\u00f3n, agradeciendo las muestras de amor, luego de dar un mensaje sobre su cuerpo y su salud.<\/strong><\/h3>\n<p>En primera persona, cansada de la cruel mirada ajena e incluso muchas veces propia,\u00a0Oriana Sabatini\u00a0(24) abri\u00f3 su coraz\u00f3n y habl\u00f3 de los\u00a0problemas alimenticios\u00a0con los que lucha hace a\u00f1os y de las cr\u00edticas que se hacen constantemente a los cuerpos.<\/p>\n<p>\u00abDespu\u00e9s de 10 a\u00f1os de convivir con trastornos alimenticios, pasando de una anorexia hasta el trastorno por atrac\u00f3n, hoy me pint\u00f3 subir esto. Siempre me saco fotos o grabo cuando estoy entrenando 24\/7 y pasando hambre, y hoy me quer\u00eda sacar ese peso de encima\u00bb, reza un fragmento del valioso descargo de la cantante, quien lo acompa\u00f1\u00f3 con un video en el que se mostr\u00f3 en bikini, exponiendo su cuerpo tal cual es.<\/p>\n<p>En pocas horas el mensaje de Oriana y el video se hizo viral: en menos de un d\u00eda el posteo tuvo 6.809.680 reproducciones y m\u00e1s de 63.000 comentarios que impactaron amorosmente en el coraz\u00f3n de Sabatini, quien emocionada no dud\u00f3 en hacer un nuevo descargo agradeciendo el amor recibido.<\/p>\n<p>El posteo de agradecimiento de Oriana Sabatini tras hablar de los trastornos alimenticios y las cr\u00edticas a su cuerpo:<\/p>\n<p>\u00abSiento que es mi cumplea\u00f1os. No puedo explicar la cantidad de amor que recib\u00ed hoy. Realmente nunca pens\u00e9 que un posteo pod\u00eda generar algo as\u00ed. Desde que lo sub\u00ed no me pararon de mandar mensajes de algunos que estuvieron a mi lado todos estos a\u00f1os y pudieron ver en primera persona de lo que habl\u00e9 hoy en mi posteo; mensajes de otros que no conozco dici\u00e9ndoles a mis amigas que me hicieron llegar lo bien que les hizo leer lo que escrib\u00ed, algunos emocionados, otros orgullosos. En fin, de todo. Lo de hoy lo hice por m\u00ed, pero no sab\u00eda lo bien que se pod\u00eda sentir pensar que tambi\u00e9n lo hice por alguien m\u00e1s. S\u00e9 que hay comentarios malos porque, \u00bfcu\u00e1ndo no? Pero me quedo con los que me hicieron llegar todo ese amor que no sab\u00eda que tanto necesitaba. Siempre pens\u00e9 que mis defectos son algo que me hacen especial, a todos en realidad, pero nunca pens\u00e9 que alguien podr\u00eda llegar a \u00abadmirarme\u00bb por mostrar una de mis m\u00e1s grandes debilidades. Les agradezco de todo coraz\u00f3n. Muchas veces me peleo con las redes, pues soy sensible y no soporto algunas cosas que leo, pero hoy me demostraron que, a veces, no son del todo malas. De hecho hoy todo fue demasiado bueno\u00bb, escribi\u00f3 Oriana Sabatini, agradecida por el cari\u00f1o recibido y m\u00e1s liviana, tras sacarse una pesada y dolorosa mochila de encima.<\/p>\n<p><img alt=\"\" loading=\"lazy\" decoding=\"async\" class=\"alignnone wp-image-88391 size-full\" src=\"https:\/\/www.cordobatimes.com\/showup\/wp-content\/uploads\/2020\/07\/orianasabatini_107942660_907399139757534_1677549947877261446_n.jpg\" alt=\"\" width=\"1080\" height=\"1920\" srcset=\"https:\/\/www.cordobatimes.com\/showup\/wp-content\/uploads\/2020\/07\/orianasabatini_107942660_907399139757534_1677549947877261446_n.jpg 1080w, https:\/\/www.cordobatimes.com\/showup\/wp-content\/uploads\/2020\/07\/orianasabatini_107942660_907399139757534_1677549947877261446_n-236x420.jpg 236w, https:\/\/www.cordobatimes.com\/showup\/wp-content\/uploads\/2020\/07\/orianasabatini_107942660_907399139757534_1677549947877261446_n-576x1024.jpg 576w, https:\/\/www.cordobatimes.com\/showup\/wp-content\/uploads\/2020\/07\/orianasabatini_107942660_907399139757534_1677549947877261446_n-768x1365.jpg 768w, https:\/\/www.cordobatimes.com\/showup\/wp-content\/uploads\/2020\/07\/orianasabatini_107942660_907399139757534_1677549947877261446_n-864x1536.jpg 864w, https:\/\/www.cordobatimes.com\/showup\/wp-content\/uploads\/2020\/07\/orianasabatini_107942660_907399139757534_1677549947877261446_n-696x1237.jpg 696w, https:\/\/www.cordobatimes.com\/showup\/wp-content\/uploads\/2020\/07\/orianasabatini_107942660_907399139757534_1677549947877261446_n-1068x1899.jpg 1068w\" sizes=\"auto, (max-width: 1080px) 100vw, 1080px\" \/><\/p>\n<p><img alt=\"\" loading=\"lazy\" decoding=\"async\" class=\"alignnone wp-image-88392 size-full\" src=\"https:\/\/www.cordobatimes.com\/showup\/wp-content\/uploads\/2020\/07\/mensaje-de-motivacion-de-oriana-sabatini.jpg\" alt=\"\" width=\"577\" height=\"414\" \/><\/p>\n","protected":false},"excerpt":{"rendered":"<p>La cantante hizo una nueva publicaci\u00f3n, agradeciendo las muestras de amor, luego de dar un mensaje sobre su cuerpo y su salud. En primera persona, cansada de la cruel mirada ajena e incluso muchas veces propia,\u00a0Oriana Sabatini\u00a0(24) abri\u00f3 su coraz\u00f3n y habl\u00f3 de los\u00a0problemas alimenticios\u00a0con los que lucha hace a\u00f1os y de las cr\u00edticas que [&hellip;]<\/p>\n","protected":false},"author":1,"featured_media":88390,"comment_status":"closed","ping_status":"closed","sticky":false,"template":"","format":"standard","meta":{"_seopress_robots_primary_cat":"","_seopress_titles_title":"","_seopress_titles_desc":"","_seopress_robots_index":"","footnotes":""},"categories":[23136],"tags":[32156,32155,31597],"class_list":{"0":"post-88389","1":"post","2":"type-post","3":"status-publish","4":"format-standard","5":"has-post-thumbnail","7":"category-influencers","8":"tag-cuerpo-de-oriana-sabatini","9":"tag-mensaje-de-motivacion-de-oriana-sabatini","10":"tag-oriana-sabatini-al-natural"},"_links":{"self":[{"href":"https:\/\/www.cordobatimes.com\/showup\/wp-json\/wp\/v2\/posts\/88389","targetHints":{"allow":["GET"]}}],"collection":[{"href":"https:\/\/www.cordobatimes.com\/showup\/wp-json\/wp\/v2\/posts"}],"about":[{"href":"https:\/\/www.cordobatimes.com\/showup\/wp-json\/wp\/v2\/types\/post"}],"author":[{"embeddable":true,"href":"https:\/\/www.cordobatimes.com\/showup\/wp-json\/wp\/v2\/users\/1"}],"replies":[{"embeddable":true,"href":"https:\/\/www.cordobatimes.com\/showup\/wp-json\/wp\/v2\/comments?post=88389"}],"version-history":[{"count":0,"href":"https:\/\/www.cordobatimes.com\/showup\/wp-json\/wp\/v2\/posts\/88389\/revisions"}],"wp:featuredmedia":[{"embeddable":true,"href":"https:\/\/www.cordobatimes.com\/showup\/wp-json\/wp\/v2\/media\/88390"}],"wp:attachment":[{"href":"https:\/\/www.cordobatimes.com\/showup\/wp-json\/wp\/v2\/media?parent=88389"}],"wp:term":[{"taxonomy":"category","embeddable":true,"href":"https:\/\/www.cordobatimes.com\/showup\/wp-json\/wp\/v2\/categories?post=88389"},{"taxonomy":"post_tag","embeddable":true,"href":"https:\/\/www.cordobatimes.com\/showup\/wp-json\/wp\/v2\/tags?post=88389"}],"curies":[{"name":"wp","href":"https:\/\/api.w.org\/{rel}","templated":true}]}}