{"id":88380,"date":"2020-07-16T17:02:56","date_gmt":"2020-07-16T20:02:56","guid":{"rendered":"https:\/\/www.cordobatimes.com\/showup\/?p=88380"},"modified":"2020-07-16T17:02:56","modified_gmt":"2020-07-16T20:02:56","slug":"siempre-autentica-oriana-sabatini-posteo-un-video-al-natural-con-un-mensaje-motivacional","status":"publish","type":"post","link":"https:\/\/www.cordobatimes.com\/showup\/influencers\/2020\/07\/16\/siempre-autentica-oriana-sabatini-posteo-un-video-al-natural-con-un-mensaje-motivacional\/","title":{"rendered":"Siempre autentica: Oriana Sabatini poste\u00f3 un v\u00eddeo al natural, con un mensaje motivacional"},"content":{"rendered":"<h3><strong>Habl\u00f3 de sus \u00ab10 a\u00f1os de convivir con trastornos alimenticios\u00bb. Y revel\u00f3 que las fotos que suele postear son de cuando est\u00e1 \u00abpasando hambre\u00bb.<\/strong><\/h3>\n<p>Sin utilizar filtros digitales ni una luz adecuada, prescindiendo de las poses que utilizan las modelos en cualquier producci\u00f3n fotogr\u00e1fica, y resaltando en distintos momentos supuestas imperfecciones de su figura \u2013en caso de acatar los par\u00e1metros que dictan los est\u00e1ndares de belleza\u2013, Oriana Sabatini se film\u00f3 con el celular en ropa interior para hacer un video de unos 30 segundos que luego poste\u00f3 en las redes. Y con un texto muy sentido.<\/p>\n<p>\u201cAyer tuve un atrac\u00f3n, con lo cual hoy ser\u00eda inimaginable subir algo a las redes sociales, mucho menos mostrando alguna parte de mi cuerpo\u201d, comenz\u00f3 explicando la cantante en su cuenta de Instagram, donde la siguen casi casi cinco millones de personas. \u201cPero desde hace mucho tiempo ten\u00eda ganas de subir algo as\u00ed. Despu\u00e9s de 10 a\u00f1os de convivir con trastornos alimenticios, pasando de una anorexia hasta el trastorno por atrac\u00f3n, hoy me pint\u00f3 subir esto\u201d.<\/p>\n<p>La novia del futbolista Paulo Dybala, con quien convive en Tur\u00edn, Italia, asegur\u00f3 que \u201cclaramente\u201d su intenci\u00f3n no era dictar \u201cninguna lecci\u00f3n\u201d, ni consagrarse como \u201cuna gur\u00fa del amor propio\u201d. Aunque si su mensaje pod\u00eda ayudar a otras mujeres, \u201cbuen\u00edsimo\u201d. Y empezando por ella misma. Porque \u2013seg\u00fan se desprende de sus propias palabras\u2013 es lo que hubiera precisado hace unos a\u00f1os. \u201c(Este video es) lo que a m\u00ed me hubiese gustado ver cuando era adolescente, y es lo que necesitaba hacer ahora porque siento que de alguna manera esto me puede ayudar a seguir mejor\u201d.<\/p>\n<p>Oriana reconoci\u00f3 que las im\u00e1genes \u2013ya sean fotos o videos\u2013 que habitualmente comparte en sus redes sociales suele tomarlas en los d\u00edas que est\u00e1 \u201centrenando 24 x 7 y pasando hambre\u201d. De all\u00ed que mostrarse al natural en esta filmaci\u00f3n le permite quitarse \u201cese peso de encima\u201d. Y enumer\u00f3: \u201cS\u00e9 que tengo poco culo, pocas lolas, no estoy dura, estoy llena de estr\u00edas, claramente (tengo) un poco de celulitis y EST\u00c1 BIEN\u201d.<\/p>\n<p>De inmediato la hija de Catherine Fulop repar\u00f3 en los comentarios negativos que \u2013como les sucede a muchas otras famosas\u2013 sus seguidores le escriben al pie de los posteos. \u201cA esta altura me animo a mostrarme as\u00ed porque no hay nada que me puedan llegar a decir que sea peor que todo lo que yo, en mi cabeza, ya me dije\u201d, dice, para concluir con una frase elocuente: \u201cDe todas maneras me encanta c\u00f3mo sal\u00ed en el video, y creo que eso ya es un paso bastante grande\u201d.<\/p>\n<blockquote class=\"instagram-media\" style=\"background: #FFF; border: 0; border-radius: 3px; box-shadow: 0 0 1px 0 rgba(0,0,0,0.5),0 1px 10px 0 rgba(0,0,0,0.15); margin: 1px; max-width: 540px; min-width: 326px; padding: 0; width: calc(100% - 2px);\" data-instgrm-captioned=\"\" data-instgrm-permalink=\"https:\/\/www.instagram.com\/p\/CCtYV2jIjqr\/?utm_source=ig_embed&amp;utm_campaign=loading\" data-instgrm-version=\"12\">\n<div style=\"padding: 16px;\">\n<p>&nbsp;<\/p>\n<div style=\"display: flex; flex-direction: row; align-items: center;\">\n<div style=\"background-color: #f4f4f4; border-radius: 50%; flex-grow: 0; height: 40px; margin-right: 14px; width: 40px;\"><\/div>\n<div style=\"display: flex; flex-direction: column; flex-grow: 1; justify-content: center;\">\n<div style=\"background-color: #f4f4f4; border-radius: 4px; flex-grow: 0; height: 14px; margin-bottom: 6px; width: 100px;\"><\/div>\n<div style=\"background-color: #f4f4f4; border-radius: 4px; flex-grow: 0; height: 14px; width: 60px;\"><\/div>\n<\/div>\n<\/div>\n<div style=\"padding: 19% 0;\"><\/div>\n<div style=\"display: block; height: 50px; margin: 0 auto 12px; width: 50px;\"><\/div>\n<div style=\"padding-top: 8px;\">\n<div style=\"color: #3897f0; font-family: Arial,sans-serif; font-size: 14px; font-style: normal; font-weight: 550; line-height: 18px;\">Ver esta publicaci\u00f3n en Instagram<\/div>\n<\/div>\n<div style=\"padding: 12.5% 0;\"><\/div>\n<div style=\"display: flex; flex-direction: row; margin-bottom: 14px; align-items: center;\">\n<div>\n<div style=\"background-color: #f4f4f4; border-radius: 50%; height: 12.5px; width: 12.5px; transform: translateX(0px) translateY(7px);\"><\/div>\n<div style=\"background-color: #f4f4f4; height: 12.5px; transform: rotate(-45deg) translateX(3px) translateY(1px); width: 12.5px; flex-grow: 0; margin-right: 14px; margin-left: 2px;\"><\/div>\n<div style=\"background-color: #f4f4f4; border-radius: 50%; height: 12.5px; width: 12.5px; transform: translateX(9px) translateY(-18px);\"><\/div>\n<\/div>\n<div style=\"margin-left: 8px;\">\n<div style=\"background-color: #f4f4f4; border-radius: 50%; flex-grow: 0; height: 20px; width: 20px;\"><\/div>\n<div style=\"width: 0; height: 0; border-top: 2px solid transparent; border-left: 6px solid #f4f4f4; border-bottom: 2px solid transparent; transform: translateX(16px) translateY(-4px) rotate(30deg);\"><\/div>\n<\/div>\n<div style=\"margin-left: auto;\">\n<div style=\"width: 0px; border-top: 8px solid #F4F4F4; border-right: 8px solid transparent; transform: translateY(16px);\"><\/div>\n<div style=\"background-color: #f4f4f4; flex-grow: 0; height: 12px; width: 16px; transform: translateY(-4px);\"><\/div>\n<div style=\"width: 0; height: 0; border-top: 8px solid #F4F4F4; border-left: 8px solid transparent; transform: translateY(-4px) translateX(8px);\"><\/div>\n<\/div>\n<\/div>\n<p>&nbsp;<\/p>\n<p style=\"margin: 8px 0 0 0; padding: 0 4px;\"><a style=\"color: #000; font-family: Arial,sans-serif; font-size: 14px; font-style: normal; font-weight: normal; line-height: 17px; text-decoration: none; word-wrap: break-word;\" href=\"https:\/\/www.instagram.com\/p\/CCtYV2jIjqr\/?utm_source=ig_embed&amp;utm_campaign=loading\" target=\"_blank\" rel=\"noopener noreferrer\">Ayer tuve un atracon, con lo cual hoy seria inimaginable subir algo a las redes sociales, mucho menos mostrando alguna parte de mi cuerpo. No se si fue alguna de esas cuentas motivacionales que me inspiro, pero hace mucho tenia ganas de subir algo asi. Despues de 10 a\u00f1os de convivir con trastornos alimenticios, pasando de una anorexia hasta el trastorno por atracon, hoy me pinto subir esto. Siempre me saco fotos o grabo cuando estoy entrenando 24\/7 y pasando hambre, y hoy me queria sacar ese peso de encima. No vengo aca a darles ninguna lecci\u00f3n, ni a convertirme en una guru del amor propio claramente, porque la que sigue aprendiendo soy yo, pero si esto te puede ayudar, buenisimo; es lo que a mi hubiese gustado ver cuando era adolescente y es lo que necesitaba hacer ahora porque siento que de alguna manera esto me puede ayudar a seguir mejor. Se que tengo poco culo, pocas lolas, no estoy dura, estoy llena de estrias, claramente un poco de celulitis y ESTA BIEN; a esta altura me animo a mostrarme asi porque no hay nada que me puedan llegar a decir que sea peor que todo lo que yo en mi cabeza ya me dije. De todas maneras me encanta como sali en el video, y creo que eso ya es un paso bastante grande \ud83d\ude0c\ud83d\udc96.<\/a><\/p>\n<p style=\"color: #c9c8cd; font-family: Arial,sans-serif; font-size: 14px; line-height: 17px; margin-bottom: 0; margin-top: 8px; overflow: hidden; padding: 8px 0 7px; text-align: center; text-overflow: ellipsis; white-space: nowrap;\">Una publicaci\u00f3n compartida por <a style=\"color: #c9c8cd; font-family: Arial,sans-serif; font-size: 14px; font-style: normal; font-weight: normal; line-height: 17px;\" href=\"https:\/\/www.instagram.com\/orianasabatini\/?utm_source=ig_embed&amp;utm_campaign=loading\" target=\"_blank\" rel=\"noopener noreferrer\"> \u306e \u5c3a \uff89 \uff91 \u5200 \uff91<\/a> (@orianasabatini) el <time style=\"font-family: Arial,sans-serif; font-size: 14px; line-height: 17px;\" datetime=\"2020-07-16T16:26:48+00:00\">16 de Jul de 2020 a las 9:26 PDT<\/time><\/p>\n<\/div>\n<\/blockquote>\n<p><script async src=\"\/\/www.instagram.com\/embed.js\"><\/script><\/p>\n","protected":false},"excerpt":{"rendered":"<p>Habl\u00f3 de sus \u00ab10 a\u00f1os de convivir con trastornos alimenticios\u00bb. Y revel\u00f3 que las fotos que suele postear son de cuando est\u00e1 \u00abpasando hambre\u00bb. Sin utilizar filtros digitales ni una luz adecuada, prescindiendo de las poses que utilizan las modelos en cualquier producci\u00f3n fotogr\u00e1fica, y resaltando en distintos momentos supuestas imperfecciones de su figura \u2013en [&hellip;]<\/p>\n","protected":false},"author":1,"featured_media":88381,"comment_status":"closed","ping_status":"closed","sticky":false,"template":"","format":"standard","meta":{"_seopress_robots_primary_cat":"","_seopress_titles_title":"","_seopress_titles_desc":"","_seopress_robots_index":"","footnotes":""},"categories":[23136],"tags":[32149,32150],"class_list":{"0":"post-88380","1":"post","2":"type-post","3":"status-publish","4":"format-standard","5":"has-post-thumbnail","7":"category-influencers","8":"tag-oriana-sabatini-posteo-un-video-al-natural","9":"tag-video-de-oriana-sabatini-mostrando-su-cuerpo"},"_links":{"self":[{"href":"https:\/\/www.cordobatimes.com\/showup\/wp-json\/wp\/v2\/posts\/88380","targetHints":{"allow":["GET"]}}],"collection":[{"href":"https:\/\/www.cordobatimes.com\/showup\/wp-json\/wp\/v2\/posts"}],"about":[{"href":"https:\/\/www.cordobatimes.com\/showup\/wp-json\/wp\/v2\/types\/post"}],"author":[{"embeddable":true,"href":"https:\/\/www.cordobatimes.com\/showup\/wp-json\/wp\/v2\/users\/1"}],"replies":[{"embeddable":true,"href":"https:\/\/www.cordobatimes.com\/showup\/wp-json\/wp\/v2\/comments?post=88380"}],"version-history":[{"count":0,"href":"https:\/\/www.cordobatimes.com\/showup\/wp-json\/wp\/v2\/posts\/88380\/revisions"}],"wp:featuredmedia":[{"embeddable":true,"href":"https:\/\/www.cordobatimes.com\/showup\/wp-json\/wp\/v2\/media\/88381"}],"wp:attachment":[{"href":"https:\/\/www.cordobatimes.com\/showup\/wp-json\/wp\/v2\/media?parent=88380"}],"wp:term":[{"taxonomy":"category","embeddable":true,"href":"https:\/\/www.cordobatimes.com\/showup\/wp-json\/wp\/v2\/categories?post=88380"},{"taxonomy":"post_tag","embeddable":true,"href":"https:\/\/www.cordobatimes.com\/showup\/wp-json\/wp\/v2\/tags?post=88380"}],"curies":[{"name":"wp","href":"https:\/\/api.w.org\/{rel}","templated":true}]}}