{"id":88374,"date":"2020-07-16T11:24:53","date_gmt":"2020-07-16T14:24:53","guid":{"rendered":"https:\/\/www.cordobatimes.com\/showup\/?p=88374"},"modified":"2020-07-16T11:24:53","modified_gmt":"2020-07-16T14:24:53","slug":"one-direction-se-juntara-para-celebrar-los-diez-anos-de-la-formacion-del-grupo","status":"publish","type":"post","link":"https:\/\/www.cordobatimes.com\/showup\/musica\/2020\/07\/16\/one-direction-se-juntara-para-celebrar-los-diez-anos-de-la-formacion-del-grupo\/","title":{"rendered":"One Direction se \u2018juntar\u00e1\u2019 para celebrar los diez a\u00f1os de la formaci\u00f3n del grupo"},"content":{"rendered":"<h3><strong>Harry, Louis, Liam y Niall regalar\u00e1n una serie de contenidos exclusivos a sus fans<\/strong><\/h3>\n<p>Parece que fue ayer cuando unos inocentes Harry Styles, Liam Payne, Louis Tomlinson, Niall Horan y Zayn Malik unieron sus voces bajo la atenta mirada de Simon Cowell sobre el escenario de The X Factor. Pero no, de eso han pasado ya 10 a\u00f1os.<\/p>\n<p>No obstante, hace casi cuatro a\u00f1os, y despu\u00e9s de que Zayn hubiese puesto punto y final a su paso por la banda, sus integrantes decidieron tomarse un descanso. Un descanso que dura hasta nuestros d\u00edas. Aunque parece que har\u00e1n una excepci\u00f3n para celebrar una importante fecha.<\/p>\n<p>La banda brit\u00e1nica est\u00e1 a punto de celebrar el d\u00e9cimo aniversario de su nacimiento. Seg\u00fan informa la agencia PR Simon Jones, que trabaja directamente con ellos, se \u00abreunir\u00e1n\u00bb para deleitar a sus seguidores con una serie de contenidos exclusivos e in\u00e9ditos. Aunque no de la manera tan literal que todos deseamos.<\/p>\n<p>\u00abSe publicar\u00e1 una web del aniversario de 1D, un v\u00eddeo de celebraci\u00f3n especialmente hecho para sus fans, playlists interactivas y contenidos en las plataformas digitales\u00bb, explica el publicista. Pero eso no es todo. Simon Jones asegura que todo se activar\u00e1 el pr\u00f3ximo 23 de julio y que se convertir\u00e1 en una \u00abemocionante experiencia interactiva para sus fans\u00bb.<\/p>\n<p>La web incluir\u00e1 tambi\u00e9n un timeline de la historia del grupo, desde sus primeras audiciones hasta su hiato. Se recopilar\u00e1 en un archivo los videoclips, actuaciones y v\u00eddeos de contenidos in\u00e9ditos que sus seguidores podr\u00e1n disfrutar desde dicha p\u00e1gina.<\/p>\n<p>\u00bfSer\u00e1 este el detonante del regreso de la banda? Liam Payne asegur\u00f3 que gracias a la fecha de este d\u00e9cimo aniversario, se han disparado sus conversaciones en las \u00faltimas semanas. Aunque Niall confirm\u00f3 la noticia que nadie quer\u00eda escuchar: \u00abYa no habr\u00e1 reuni\u00f3n, solo se habla mucho de eso en este momento porque el d\u00e9cimo aniversario de la banda pasar\u00e1 este a\u00f1o. Una reuni\u00f3n con todos los miembros es una idea maravillosa, pero para llevarlo a la pr\u00e1ctica se necesita mucho tiempo para organizarlo\u00bb, explic\u00f3.<\/p>\n<p>Pero han pasado ya dos meses de la publicaci\u00f3n de estas declaraciones, por lo que sus seguidores no descartan que el irland\u00e9s haya cambiado de opini\u00f3n. Aunque para saberlo, parece que tendremos que esperar.<\/p>\n","protected":false},"excerpt":{"rendered":"<p>Harry, Louis, Liam y Niall regalar\u00e1n una serie de contenidos exclusivos a sus fans Parece que fue ayer cuando unos inocentes Harry Styles, Liam Payne, Louis Tomlinson, Niall Horan y Zayn Malik unieron sus voces bajo la atenta mirada de Simon Cowell sobre el escenario de The X Factor. Pero no, de eso han pasado [&hellip;]<\/p>\n","protected":false},"author":1,"featured_media":88375,"comment_status":"closed","ping_status":"closed","sticky":false,"template":"","format":"standard","meta":{"_seopress_robots_primary_cat":"","_seopress_titles_title":"","_seopress_titles_desc":"","_seopress_robots_index":"","footnotes":""},"categories":[5],"tags":[32140,32141,32142],"class_list":{"0":"post-88374","1":"post","2":"type-post","3":"status-publish","4":"format-standard","5":"has-post-thumbnail","7":"category-musica","8":"tag-10-anos-de-one-direction","9":"tag-aplicacion-de-one-direction","10":"tag-celebracion-de-los-diez-anos-de-one-direction"},"_links":{"self":[{"href":"https:\/\/www.cordobatimes.com\/showup\/wp-json\/wp\/v2\/posts\/88374","targetHints":{"allow":["GET"]}}],"collection":[{"href":"https:\/\/www.cordobatimes.com\/showup\/wp-json\/wp\/v2\/posts"}],"about":[{"href":"https:\/\/www.cordobatimes.com\/showup\/wp-json\/wp\/v2\/types\/post"}],"author":[{"embeddable":true,"href":"https:\/\/www.cordobatimes.com\/showup\/wp-json\/wp\/v2\/users\/1"}],"replies":[{"embeddable":true,"href":"https:\/\/www.cordobatimes.com\/showup\/wp-json\/wp\/v2\/comments?post=88374"}],"version-history":[{"count":0,"href":"https:\/\/www.cordobatimes.com\/showup\/wp-json\/wp\/v2\/posts\/88374\/revisions"}],"wp:featuredmedia":[{"embeddable":true,"href":"https:\/\/www.cordobatimes.com\/showup\/wp-json\/wp\/v2\/media\/88375"}],"wp:attachment":[{"href":"https:\/\/www.cordobatimes.com\/showup\/wp-json\/wp\/v2\/media?parent=88374"}],"wp:term":[{"taxonomy":"category","embeddable":true,"href":"https:\/\/www.cordobatimes.com\/showup\/wp-json\/wp\/v2\/categories?post=88374"},{"taxonomy":"post_tag","embeddable":true,"href":"https:\/\/www.cordobatimes.com\/showup\/wp-json\/wp\/v2\/tags?post=88374"}],"curies":[{"name":"wp","href":"https:\/\/api.w.org\/{rel}","templated":true}]}}