{"id":88357,"date":"2020-07-15T11:36:47","date_gmt":"2020-07-15T14:36:47","guid":{"rendered":"https:\/\/www.cordobatimes.com\/showup\/?p=88357"},"modified":"2020-07-15T11:36:47","modified_gmt":"2020-07-15T14:36:47","slug":"llega-la-secuela-de-a-ciegas-bird-box-el-thriller-de-terror-con-sandra-bullock","status":"publish","type":"post","link":"https:\/\/www.cordobatimes.com\/showup\/cine-y-series\/2020\/07\/15\/llega-la-secuela-de-a-ciegas-bird-box-el-thriller-de-terror-con-sandra-bullock\/","title":{"rendered":"Llega la secuela de A ciegas (Bird Box), el thriller de terror con Sandra Bullock"},"content":{"rendered":"<h3><strong>A ciegas (Bird Box)&#8217;, el thriller de terror que dirigi\u00f3 Susanne Bier y que protagoniz\u00f3 Sandra Bullock, tendr\u00e1 secuela.\u00a0<\/strong><\/h3>\n<p>Netflix est\u00e1 preparando la adaptaci\u00f3n de &#8216;Malorie&#8217;, la segunda novela de Josh Malerman, que retoma la historia de los protagonistas a\u00f1os despu\u00e9s de lo relatado en la primera entrega.<\/p>\n<p>Seg\u00fan confirm\u00f3 Malerman a Inverse, Netflix est\u00e1 ya trabajando en la adaptaci\u00f3n de esta segunda novela ambientada 12 a\u00f1os despu\u00e9s de lo sucedido en &#8216;A ciegas&#8217;, con Tom y Olympia convertidos en adolescentes. Titulado como el personaje de Sandra Bullock, el libro muestra c\u00f3mo Malorie descubre que hay otra comunidad de supervivientes, en la que podr\u00edan estar sus padres.<\/p>\n<p>Sin embargo, en esta secuela, aparece otra amenaza, al surgir personas que afirman haber experimentado con las criaturas que provocan que quien las vea se quite la vida. Adem\u00e1s, en el libro, surgen rumores de que estos seres se han transformado en algo m\u00e1s monstruoso si cabe.<\/p>\n<p>Esta noticia supone un impulso definitivo para la novela, que saldr\u00e1 publicada en Estados Unidos este 21 de julio. Esto indica que Netflix estaba interesada en la adaptaci\u00f3n antes, incluso, del lanzamiento del libro.<\/p>\n<p>Seg\u00fan datos de Nielsen, la primera pel\u00edcula fue vista por casi 26 millones de usuarios de Netflix en sus primeros siete d\u00edas en Estados Unidos. Seg\u00fan los datos del servicio de streaming, esta cifra ascendi\u00f3 a 45 millones a nivel internacional.<\/p>\n","protected":false},"excerpt":{"rendered":"<p>A ciegas (Bird Box)&#8217;, el thriller de terror que dirigi\u00f3 Susanne Bier y que protagoniz\u00f3 Sandra Bullock, tendr\u00e1 secuela.\u00a0 Netflix est\u00e1 preparando la adaptaci\u00f3n de &#8216;Malorie&#8217;, la segunda novela de Josh Malerman, que retoma la historia de los protagonistas a\u00f1os despu\u00e9s de lo relatado en la primera entrega. Seg\u00fan confirm\u00f3 Malerman a Inverse, Netflix est\u00e1 [&hellip;]<\/p>\n","protected":false},"author":1,"featured_media":88358,"comment_status":"closed","ping_status":"closed","sticky":false,"template":"","format":"standard","meta":{"_seopress_robots_primary_cat":"","_seopress_titles_title":"","_seopress_titles_desc":"","_seopress_robots_index":"","footnotes":""},"categories":[3],"tags":[32131,32132,32130],"class_list":{"0":"post-88357","1":"post","2":"type-post","3":"status-publish","4":"format-standard","5":"has-post-thumbnail","7":"category-cine-y-series","8":"tag-a-ciegas-bird-box-el-thriller-de-terror-con-sandra-bullock","9":"tag-a-ciegas-bird-box-sandra-bullock","10":"tag-secuela-de-a-ciegas-bird-box"},"_links":{"self":[{"href":"https:\/\/www.cordobatimes.com\/showup\/wp-json\/wp\/v2\/posts\/88357","targetHints":{"allow":["GET"]}}],"collection":[{"href":"https:\/\/www.cordobatimes.com\/showup\/wp-json\/wp\/v2\/posts"}],"about":[{"href":"https:\/\/www.cordobatimes.com\/showup\/wp-json\/wp\/v2\/types\/post"}],"author":[{"embeddable":true,"href":"https:\/\/www.cordobatimes.com\/showup\/wp-json\/wp\/v2\/users\/1"}],"replies":[{"embeddable":true,"href":"https:\/\/www.cordobatimes.com\/showup\/wp-json\/wp\/v2\/comments?post=88357"}],"version-history":[{"count":0,"href":"https:\/\/www.cordobatimes.com\/showup\/wp-json\/wp\/v2\/posts\/88357\/revisions"}],"wp:featuredmedia":[{"embeddable":true,"href":"https:\/\/www.cordobatimes.com\/showup\/wp-json\/wp\/v2\/media\/88358"}],"wp:attachment":[{"href":"https:\/\/www.cordobatimes.com\/showup\/wp-json\/wp\/v2\/media?parent=88357"}],"wp:term":[{"taxonomy":"category","embeddable":true,"href":"https:\/\/www.cordobatimes.com\/showup\/wp-json\/wp\/v2\/categories?post=88357"},{"taxonomy":"post_tag","embeddable":true,"href":"https:\/\/www.cordobatimes.com\/showup\/wp-json\/wp\/v2\/tags?post=88357"}],"curies":[{"name":"wp","href":"https:\/\/api.w.org\/{rel}","templated":true}]}}