{"id":88345,"date":"2020-07-14T17:03:19","date_gmt":"2020-07-14T20:03:19","guid":{"rendered":"https:\/\/www.cordobatimes.com\/showup\/?p=88345"},"modified":"2020-07-14T17:03:19","modified_gmt":"2020-07-14T20:03:19","slug":"justin-bieber-se-anima-a-incursionar-con-el-rap-en-una-posible-colaboracion","status":"publish","type":"post","link":"https:\/\/www.cordobatimes.com\/showup\/musica\/2020\/07\/14\/justin-bieber-se-anima-a-incursionar-con-el-rap-en-una-posible-colaboracion\/","title":{"rendered":"Justin Bieber se anima a incursionar  con el rap en una posible colaboraci\u00f3n"},"content":{"rendered":"<h3><strong>El cantante podr\u00eda atreverse con un nuevo reto en &#8216;Whats Poppin&#8217; de Jack Harlow.<\/strong><\/h3>\n<p>Lo \u00faltimo que escuchamos de\u00a0Justin Bieber\u00a0es\u00a0Stuck With U, su colaboraci\u00f3n con\u00a0Ariana Grande. Pero parece que la artista no ser\u00e1 la \u00fanica con la que trabajar\u00e1 el canadiense en este 2020.<\/p>\n<p>Bieber ha compartido en sus Instagram Stories un fragmento de\u00a0WHATS POPPIN, la canci\u00f3n de Jack Harlow.\u00a0Todo parec\u00eda sonar como siempre, hasta que sus seguidores comenzaron a escuchar la voz de su artista favorito rapeando en una de sus estrofas.<\/p>\n<blockquote class=\"twitter-tweet\">\n<p dir=\"ltr\" lang=\"en\">What if I told y\u2019all Justin Bieber has a verse on Whats Poppin? <a href=\"https:\/\/t.co\/mbUccklfyC\">pic.twitter.com\/mbUccklfyC<\/a><\/p>\n<p>\u2014 TP (@OGxTP) <a href=\"https:\/\/twitter.com\/OGxTP\/status\/1282813779588329472?ref_src=twsrc%5Etfw\">July 13, 2020<\/a><\/p><\/blockquote>\n<p><script async src=\"https:\/\/platform.twitter.com\/widgets.js\" charset=\"utf-8\"><\/script><\/p>\n<p>Como era de esperar, los rumores de colaboraci\u00f3n se dispararon en cuesti\u00f3n de segundos. \u00bfLanzar\u00e1 junto a Jack Harlow un remix de este tema? La mayor\u00eda de sus fans lo dan por hecho, aunque de momento no hay confirmaci\u00f3n por parte de ninguno de nuestros protagonistas.<\/p>\n<p>Por su parte, el rapero y compositor estadounidense se ha encargado de revolucionar a\u00fan m\u00e1s las redes sociales compartiendo el Instagram Story de Bieber y a\u00f1adiendo un emoji con una expresi\u00f3n de sorpresa. \u00bfSer\u00e1 \u00e9sta una pista de lo que traer\u00e1n pr\u00f3ximamente? Aunque hemos de recordar que este no ser\u00eda el \u00fanico remix de WHATS POPPIN, pues ya pudimos escuchar la versi\u00f3n junto a Lil Wayne, DaBaby y Tory Lanez.<\/p>\n<p>Como hemos mencionado en l\u00edneas anteriores, a\u00fan no se han atrevido a confirmarlo, aunque parece cre\u00edble que el canadiense nos presente en un futuro cercano su nueva faceta de la mano de este rapero. Y a ti, \u00bfte gustar\u00eda que esta colaboraci\u00f3n se hiciese realidad? \u00bfCrees que triunfar\u00eda con este nuevo reto?<\/p>\n","protected":false},"excerpt":{"rendered":"<p>El cantante podr\u00eda atreverse con un nuevo reto en &#8216;Whats Poppin&#8217; de Jack Harlow. Lo \u00faltimo que escuchamos de\u00a0Justin Bieber\u00a0es\u00a0Stuck With U, su colaboraci\u00f3n con\u00a0Ariana Grande. Pero parece que la artista no ser\u00e1 la \u00fanica con la que trabajar\u00e1 el canadiense en este 2020. Bieber ha compartido en sus Instagram Stories un fragmento de\u00a0WHATS POPPIN, [&hellip;]<\/p>\n","protected":false},"author":1,"featured_media":88346,"comment_status":"closed","ping_status":"closed","sticky":false,"template":"","format":"standard","meta":{"_seopress_robots_primary_cat":"","_seopress_titles_title":"","_seopress_titles_desc":"","_seopress_robots_index":"","footnotes":""},"categories":[5],"tags":[32124,32125],"class_list":{"0":"post-88345","1":"post","2":"type-post","3":"status-publish","4":"format-standard","5":"has-post-thumbnail","7":"category-musica","8":"tag-justin-bieber-whats-poppin","9":"tag-justin-bieber-y-jack-harlow"},"_links":{"self":[{"href":"https:\/\/www.cordobatimes.com\/showup\/wp-json\/wp\/v2\/posts\/88345","targetHints":{"allow":["GET"]}}],"collection":[{"href":"https:\/\/www.cordobatimes.com\/showup\/wp-json\/wp\/v2\/posts"}],"about":[{"href":"https:\/\/www.cordobatimes.com\/showup\/wp-json\/wp\/v2\/types\/post"}],"author":[{"embeddable":true,"href":"https:\/\/www.cordobatimes.com\/showup\/wp-json\/wp\/v2\/users\/1"}],"replies":[{"embeddable":true,"href":"https:\/\/www.cordobatimes.com\/showup\/wp-json\/wp\/v2\/comments?post=88345"}],"version-history":[{"count":0,"href":"https:\/\/www.cordobatimes.com\/showup\/wp-json\/wp\/v2\/posts\/88345\/revisions"}],"wp:featuredmedia":[{"embeddable":true,"href":"https:\/\/www.cordobatimes.com\/showup\/wp-json\/wp\/v2\/media\/88346"}],"wp:attachment":[{"href":"https:\/\/www.cordobatimes.com\/showup\/wp-json\/wp\/v2\/media?parent=88345"}],"wp:term":[{"taxonomy":"category","embeddable":true,"href":"https:\/\/www.cordobatimes.com\/showup\/wp-json\/wp\/v2\/categories?post=88345"},{"taxonomy":"post_tag","embeddable":true,"href":"https:\/\/www.cordobatimes.com\/showup\/wp-json\/wp\/v2\/tags?post=88345"}],"curies":[{"name":"wp","href":"https:\/\/api.w.org\/{rel}","templated":true}]}}