{"id":88115,"date":"2020-06-29T10:05:12","date_gmt":"2020-06-29T13:05:12","guid":{"rendered":"https:\/\/www.cordobatimes.com\/showup\/?p=88115"},"modified":"2020-06-29T10:05:12","modified_gmt":"2020-06-29T13:05:12","slug":"luciano-pereyra-y-el-pianista-lang-lang-se-unieron-para-cantar-me-enamore-de-ti","status":"publish","type":"post","link":"https:\/\/www.cordobatimes.com\/showup\/musica\/2020\/06\/29\/luciano-pereyra-y-el-pianista-lang-lang-se-unieron-para-cantar-me-enamore-de-ti\/","title":{"rendered":"Luciano Pereyra y el pianista Lang Lang se unieron para cantar   \u00abMe Enamor\u00e9 De Ti\u00bb"},"content":{"rendered":"<h3><strong>Una vez m\u00e1s dos grandes artistas de diferentes nacionalidades se unieron para crear una nueva e inspiradora pieza musical.<\/strong><\/h3>\n<p>Luciano Pereyra y el pianista Lang Lang se unieron para lanzar una versi\u00f3n in\u00e9dita del tema del m\u00fasico argentino \u00abMe Enamor\u00e9 De Ti\u00bb, una canci\u00f3n compuesta por \u00e9l pero que se convirti\u00f3 en un \u00e9xito con la versi\u00f3n del cantante espa\u00f1ol David Bisbal.<\/p>\n<p>Siempre innovador, Luciano fusion\u00f3\u00a0su arte con el del pianista, educador y fil\u00e1ntropo chino,\u00a0un \u00edcono mundial de la m\u00fasica cl\u00e1sica, quien adem\u00e1s\u00a0ha adaptado la nueva tecnolog\u00eda y la innovaci\u00f3n a\u00a0ese estilo musical.<\/p>\n<p>Lang Lang se ha presentado en las salas m\u00e1s prestigiosas conect\u00e1ndose con las audiencias de todo el mundo, y\u00a0ha tocado para cuatro presidentes en los Estados Unidos. Por otra parte, su trabajo filantr\u00f3pico lo llev\u00f3 a ser Embajador de Buena Voluntad de UNICEF y Mensajero de la Paz de la ONU.<\/p>\n<p><iframe loading=\"lazy\" src=\"https:\/\/www.youtube.com\/embed\/XCS_Uv2SWLw\" width=\"560\" height=\"315\" frameborder=\"0\" allowfullscreen=\"allowfullscreen\"><\/iframe><\/p>\n","protected":false},"excerpt":{"rendered":"<p>Una vez m\u00e1s dos grandes artistas de diferentes nacionalidades se unieron para crear una nueva e inspiradora pieza musical. Luciano Pereyra y el pianista Lang Lang se unieron para lanzar una versi\u00f3n in\u00e9dita del tema del m\u00fasico argentino \u00abMe Enamor\u00e9 De Ti\u00bb, una canci\u00f3n compuesta por \u00e9l pero que se convirti\u00f3 en un \u00e9xito con [&hellip;]<\/p>\n","protected":false},"author":1,"featured_media":88116,"comment_status":"closed","ping_status":"closed","sticky":false,"template":"","format":"standard","meta":{"_seopress_robots_primary_cat":"","_seopress_titles_title":"","_seopress_titles_desc":"","_seopress_robots_index":"","footnotes":""},"categories":[5],"tags":[32045,32046],"class_list":{"0":"post-88115","1":"post","2":"type-post","3":"status-publish","4":"format-standard","5":"has-post-thumbnail","7":"category-musica","8":"tag-luciano-pereyra-y-el-pianista-lang-lang","9":"tag-luciano-pereyra-y-el-pianista-lang-lang-me-enamore-de-ti"},"_links":{"self":[{"href":"https:\/\/www.cordobatimes.com\/showup\/wp-json\/wp\/v2\/posts\/88115","targetHints":{"allow":["GET"]}}],"collection":[{"href":"https:\/\/www.cordobatimes.com\/showup\/wp-json\/wp\/v2\/posts"}],"about":[{"href":"https:\/\/www.cordobatimes.com\/showup\/wp-json\/wp\/v2\/types\/post"}],"author":[{"embeddable":true,"href":"https:\/\/www.cordobatimes.com\/showup\/wp-json\/wp\/v2\/users\/1"}],"replies":[{"embeddable":true,"href":"https:\/\/www.cordobatimes.com\/showup\/wp-json\/wp\/v2\/comments?post=88115"}],"version-history":[{"count":0,"href":"https:\/\/www.cordobatimes.com\/showup\/wp-json\/wp\/v2\/posts\/88115\/revisions"}],"wp:featuredmedia":[{"embeddable":true,"href":"https:\/\/www.cordobatimes.com\/showup\/wp-json\/wp\/v2\/media\/88116"}],"wp:attachment":[{"href":"https:\/\/www.cordobatimes.com\/showup\/wp-json\/wp\/v2\/media?parent=88115"}],"wp:term":[{"taxonomy":"category","embeddable":true,"href":"https:\/\/www.cordobatimes.com\/showup\/wp-json\/wp\/v2\/categories?post=88115"},{"taxonomy":"post_tag","embeddable":true,"href":"https:\/\/www.cordobatimes.com\/showup\/wp-json\/wp\/v2\/tags?post=88115"}],"curies":[{"name":"wp","href":"https:\/\/api.w.org\/{rel}","templated":true}]}}