{"id":87642,"date":"2020-06-17T11:00:02","date_gmt":"2020-06-17T14:00:02","guid":{"rendered":"https:\/\/www.cordobatimes.com\/showup\/?p=87642"},"modified":"2020-06-17T11:00:02","modified_gmt":"2020-06-17T14:00:02","slug":"lali-esposito-david-lebon-y-lito-vitale-grabaron-una-cancion-para-el-hospital-garrahan","status":"publish","type":"post","link":"https:\/\/www.cordobatimes.com\/showup\/musica\/2020\/06\/17\/lali-esposito-david-lebon-y-lito-vitale-grabaron-una-cancion-para-el-hospital-garrahan\/","title":{"rendered":"Lali Esp\u00f3sito, David Leb\u00f3n y Lito Vitale grabaron una canci\u00f3n para el Hospital Garrahan"},"content":{"rendered":"<h3><strong>El tema tiene como objetivo homenajear a al equipo de salud del Hospital Garrahan en medio de la pandemia de coronavirus.<\/strong><br \/>\n<strong>\u00a0<\/strong><\/h3>\n<p>Lito Vitale convoc\u00f3 a Lali Esp\u00f3sito y David Leb\u00f3n\u00a0para que, juntos, le pongan voz a la canci\u00f3n\u00a0\u201cNos veremos otra vez\u201d, de Ser\u00fa Gir\u00e1n,\u00a0una evocaci\u00f3n a ser fuerte en estos tiempos y a resistir la decepci\u00f3n, compuesta por el propio Leb\u00f3n,\u00a0Charly Garc\u00eda y Pedro Aznar\u00a0en 1992, durante el reencuentro de la m\u00edtica banda. El objetivo: homenajear a\u00a0al equipo de salud del\u00a0Hospital Garrahan, centro pedi\u00e1trico de referencia nacional.<\/p>\n<p>\u201cNo est\u00e9s solo en esta lluvia\/ No te entregues por favor\/ Si, debes ser fuerte en estos tiempos\/ Para resistir la decepci\u00f3n\/Y quedar abierto, mente y alma\/Yo estoy con vos\u201d, interpretan en juego de voces la actriz y\u00a0cantante\u00a0pop junto a Leb\u00f3n, uno de los padres del rock argentino.<\/p>\n<p>&nbsp;<\/p>\n<p>En el videoclip, pueden verse im\u00e1genes de enfermeras, m\u00e9dicos, camilleros, administrativos y personal de mantenimiento realizando las tareas indispensables para el funcionamiento del hospital y la atenci\u00f3n de los pacientes.<\/p>\n<p>&nbsp;<\/p>\n<p>\u201cCreemos que, al arte y la m\u00fasica como la mejor forma de conexi\u00f3n humana, como energ\u00eda positiva y transformadora\u201d, destacaron desde la Asociaci\u00f3n Ave F\u00e9nix, a cargo de la producci\u00f3n ejecutiva del material.<\/p>\n<p>&nbsp;<\/p>\n<p>#Estoyconvos, el lema de la campa\u00f1a, tambi\u00e9n se deja ver en carteles que sostienen ni\u00f1os y ni\u00f1as desde distintos puntos del pa\u00eds, y que le hacen llegar su caricia a los trabajadores de la salud.<\/p>\n<p>&nbsp;<\/p>\n<p>De la grabaci\u00f3n del tema participaron adem\u00e1s destacados m\u00fasicos argentinos: Mart\u00edn Gonz\u00e1lez, en bater\u00eda y caj\u00f3n, Juan Pablo Rufino en bajo, Mariano Delgado en guitarra el\u00e9ctrica, Javier Mareco, guitarra ac\u00fastica y arreglo orquestita, V\u00edctor Carri\u00f3n en flauta en orquestita,\u00a0Irene Cadario en viol\u00edn, Paula Pomeraniec en chelo y Emiliano \u00c1lvarez en clarinete.<\/p>\n<p><iframe loading=\"lazy\" src=\"https:\/\/www.youtube.com\/embed\/DusredlGaDA\" width=\"560\" height=\"315\" frameborder=\"0\" allowfullscreen=\"allowfullscreen\"><\/iframe><\/p>\n","protected":false},"excerpt":{"rendered":"<p>El tema tiene como objetivo homenajear a al equipo de salud del Hospital Garrahan en medio de la pandemia de coronavirus. \u00a0 Lito Vitale convoc\u00f3 a Lali Esp\u00f3sito y David Leb\u00f3n\u00a0para que, juntos, le pongan voz a la canci\u00f3n\u00a0\u201cNos veremos otra vez\u201d, de Ser\u00fa Gir\u00e1n,\u00a0una evocaci\u00f3n a ser fuerte en estos tiempos y a resistir [&hellip;]<\/p>\n","protected":false},"author":1,"featured_media":87643,"comment_status":"closed","ping_status":"closed","sticky":false,"template":"","format":"standard","meta":{"_seopress_robots_primary_cat":"","_seopress_titles_title":"","_seopress_titles_desc":"","_seopress_robots_index":"","footnotes":""},"categories":[5],"tags":[31922,31923,31924],"class_list":{"0":"post-87642","1":"post","2":"type-post","3":"status-publish","4":"format-standard","5":"has-post-thumbnail","7":"category-musica","8":"tag-lali-esposito-hospital-garrahan","9":"tag-lali-esposito-nos-veremos-otra-vez","10":"tag-lito-vitale-convoco-a-lali-esposito-y-david-lebon"},"_links":{"self":[{"href":"https:\/\/www.cordobatimes.com\/showup\/wp-json\/wp\/v2\/posts\/87642","targetHints":{"allow":["GET"]}}],"collection":[{"href":"https:\/\/www.cordobatimes.com\/showup\/wp-json\/wp\/v2\/posts"}],"about":[{"href":"https:\/\/www.cordobatimes.com\/showup\/wp-json\/wp\/v2\/types\/post"}],"author":[{"embeddable":true,"href":"https:\/\/www.cordobatimes.com\/showup\/wp-json\/wp\/v2\/users\/1"}],"replies":[{"embeddable":true,"href":"https:\/\/www.cordobatimes.com\/showup\/wp-json\/wp\/v2\/comments?post=87642"}],"version-history":[{"count":0,"href":"https:\/\/www.cordobatimes.com\/showup\/wp-json\/wp\/v2\/posts\/87642\/revisions"}],"wp:featuredmedia":[{"embeddable":true,"href":"https:\/\/www.cordobatimes.com\/showup\/wp-json\/wp\/v2\/media\/87643"}],"wp:attachment":[{"href":"https:\/\/www.cordobatimes.com\/showup\/wp-json\/wp\/v2\/media?parent=87642"}],"wp:term":[{"taxonomy":"category","embeddable":true,"href":"https:\/\/www.cordobatimes.com\/showup\/wp-json\/wp\/v2\/categories?post=87642"},{"taxonomy":"post_tag","embeddable":true,"href":"https:\/\/www.cordobatimes.com\/showup\/wp-json\/wp\/v2\/tags?post=87642"}],"curies":[{"name":"wp","href":"https:\/\/api.w.org\/{rel}","templated":true}]}}