{"id":87618,"date":"2020-06-15T13:05:53","date_gmt":"2020-06-15T16:05:53","guid":{"rendered":"https:\/\/www.cordobatimes.com\/showup\/?p=87618"},"modified":"2020-06-15T13:05:53","modified_gmt":"2020-06-15T16:05:53","slug":"billboard-argentina-lanza-su-primer-festival-por-streaming-con-mas-de-cien-artistas","status":"publish","type":"post","link":"https:\/\/www.cordobatimes.com\/showup\/musica\/2020\/06\/15\/billboard-argentina-lanza-su-primer-festival-por-streaming-con-mas-de-cien-artistas\/","title":{"rendered":"Billboard Argentina lanza su primer festival por streaming, con m\u00e1s de cien artistas"},"content":{"rendered":"<h3><strong>\u00ab100 artistas, un pa\u00eds\u00bb se realizar\u00e1 el 9 de julio y tendr\u00e1 fines ben\u00e9ficos.\u00a0<\/strong><\/h3>\n<p>Con la presencia de m\u00e1s de cien artistas, entre los que destacan Luciano Pereyra, Los Palmeras, Eruca Sativa, Chano y Kevin Johansen, entre otros, la edici\u00f3n argentina de la prestigiosa revista musical\u00a0Billboard\u00a0realizar\u00e1 el 9 de julio un festival a beneficio por streaming.<\/p>\n<p>\u00ab100 artistas, un pa\u00eds\u00bb podr\u00e1 verse por las\u00a0redes oficiales de la publicaci\u00f3n\u00a0y ser\u00e1 retransmitido por Radio Nacional, entre otras se\u00f1ales; y contar\u00e1 con subastas de donaciones realizadas por los artistas, para ayudar con lo recaudado a los sectores m\u00e1s perjudicados por la pandemia de coronavirus.<\/p>\n<p>Adem\u00e1s de los artistas mencionados, la grilla presenta a Miranda!, Natalie P\u00e9rez, Benito Cerati, Maxi Trusso, Emanero y Sol Pereyra, entre los m\u00e1s destacados.<\/p>\n<p>En tanto, cada uno de los n\u00fameros musicales ser\u00e1n presentados por un periodista elegido por el propio artista.<\/p>\n<p>El festival cuenta con el apoyo de importantes sellos discogr\u00e1ficos, compa\u00f1\u00edas independientes y productoras.<\/p>\n<p>Por su parte, la colecta solidaria estar\u00e1 encabezada por Juan Carr y la Fundaci\u00f3n S\u00ed.<\/p>\n<blockquote class=\"instagram-media\" style=\"background: #FFF; border: 0; border-radius: 3px; box-shadow: 0 0 1px 0 rgba(0,0,0,0.5),0 1px 10px 0 rgba(0,0,0,0.15); margin: 1px; max-width: 540px; min-width: 326px; padding: 0; width: calc(100% - 2px);\" data-instgrm-captioned=\"\" data-instgrm-permalink=\"https:\/\/www.instagram.com\/p\/CBZawUyloGQ\/?utm_source=ig_embed&amp;utm_campaign=loading\" data-instgrm-version=\"12\">\n<div style=\"padding: 16px;\">\n<p>&nbsp;<\/p>\n<div style=\"display: flex; flex-direction: row; align-items: center;\">\n<div style=\"background-color: #f4f4f4; border-radius: 50%; flex-grow: 0; height: 40px; margin-right: 14px; width: 40px;\"><\/div>\n<div style=\"display: flex; flex-direction: column; flex-grow: 1; justify-content: center;\">\n<div style=\"background-color: #f4f4f4; border-radius: 4px; flex-grow: 0; height: 14px; margin-bottom: 6px; width: 100px;\"><\/div>\n<div style=\"background-color: #f4f4f4; border-radius: 4px; flex-grow: 0; height: 14px; width: 60px;\"><\/div>\n<\/div>\n<\/div>\n<div style=\"padding: 19% 0;\"><\/div>\n<div style=\"display: block; height: 50px; margin: 0 auto 12px; width: 50px;\"><\/div>\n<div style=\"padding-top: 8px;\">\n<div style=\"color: #3897f0; font-family: Arial,sans-serif; font-size: 14px; font-style: normal; font-weight: 550; line-height: 18px;\">Ver esta publicaci\u00f3n en Instagram<\/div>\n<\/div>\n<div style=\"padding: 12.5% 0;\"><\/div>\n<div style=\"display: flex; flex-direction: row; margin-bottom: 14px; align-items: center;\">\n<div>\n<div style=\"background-color: #f4f4f4; border-radius: 50%; height: 12.5px; width: 12.5px; transform: translateX(0px) translateY(7px);\"><\/div>\n<div style=\"background-color: #f4f4f4; height: 12.5px; transform: rotate(-45deg) translateX(3px) translateY(1px); width: 12.5px; flex-grow: 0; margin-right: 14px; margin-left: 2px;\"><\/div>\n<div style=\"background-color: #f4f4f4; border-radius: 50%; height: 12.5px; width: 12.5px; transform: translateX(9px) translateY(-18px);\"><\/div>\n<\/div>\n<div style=\"margin-left: 8px;\">\n<div style=\"background-color: #f4f4f4; border-radius: 50%; flex-grow: 0; height: 20px; width: 20px;\"><\/div>\n<div style=\"width: 0; height: 0; border-top: 2px solid transparent; border-left: 6px solid #f4f4f4; border-bottom: 2px solid transparent; transform: translateX(16px) translateY(-4px) rotate(30deg);\"><\/div>\n<\/div>\n<div style=\"margin-left: auto;\">\n<div style=\"width: 0px; border-top: 8px solid #F4F4F4; border-right: 8px solid transparent; transform: translateY(16px);\"><\/div>\n<div style=\"background-color: #f4f4f4; flex-grow: 0; height: 12px; width: 16px; transform: translateY(-4px);\"><\/div>\n<div style=\"width: 0; height: 0; border-top: 8px solid #F4F4F4; border-left: 8px solid transparent; transform: translateY(-4px) translateX(8px);\"><\/div>\n<\/div>\n<\/div>\n<p>&nbsp;<\/p>\n<p style=\"margin: 8px 0 0 0; padding: 0 4px;\"><a style=\"color: #000; font-family: Arial,sans-serif; font-size: 14px; font-style: normal; font-weight: normal; line-height: 17px; text-decoration: none; word-wrap: break-word;\" href=\"https:\/\/www.instagram.com\/p\/CBZawUyloGQ\/?utm_source=ig_embed&amp;utm_campaign=loading\" target=\"_blank\" rel=\"noopener noreferrer\">\u2615\ufe0f @natalieperez \ud83c\udde6\ud83c\uddf7\ud83d\ude4f\ud83c\udfb6 Gracias por ser parte\u2728 Argentina en la casa \ud83c\udfe1 #festivalonline #9dejulio #Argentina #unidosporlamusica #100artistas1pai\u0301s @sifundacion @unidxsporlamusica @redsolidaria #argentinaenlacasa<\/a><\/p>\n<p style=\"color: #c9c8cd; font-family: Arial,sans-serif; font-size: 14px; line-height: 17px; margin-bottom: 0; margin-top: 8px; overflow: hidden; padding: 8px 0 7px; text-align: center; text-overflow: ellipsis; white-space: nowrap;\">Una publicaci\u00f3n compartida de <a style=\"color: #c9c8cd; font-family: Arial,sans-serif; font-size: 14px; font-style: normal; font-weight: normal; line-height: 17px;\" href=\"https:\/\/www.instagram.com\/billboardar\/?utm_source=ig_embed&amp;utm_campaign=loading\" target=\"_blank\" rel=\"noopener noreferrer\"> Billboard<\/a> (@billboardar) el <time style=\"font-family: Arial,sans-serif; font-size: 14px; line-height: 17px;\" datetime=\"2020-06-14T01:31:40+00:00\">13 Jun, 2020 a las 6:31 PDT<\/time><\/p>\n<\/div>\n<\/blockquote>\n<p><script async src=\"\/\/www.instagram.com\/embed.js\"><\/script><\/p>\n","protected":false},"excerpt":{"rendered":"<p>\u00ab100 artistas, un pa\u00eds\u00bb se realizar\u00e1 el 9 de julio y tendr\u00e1 fines ben\u00e9ficos.\u00a0 Con la presencia de m\u00e1s de cien artistas, entre los que destacan Luciano Pereyra, Los Palmeras, Eruca Sativa, Chano y Kevin Johansen, entre otros, la edici\u00f3n argentina de la prestigiosa revista musical\u00a0Billboard\u00a0realizar\u00e1 el 9 de julio un festival a beneficio por [&hellip;]<\/p>\n","protected":false},"author":1,"featured_media":87619,"comment_status":"closed","ping_status":"closed","sticky":false,"template":"","format":"standard","meta":{"_seopress_robots_primary_cat":"","_seopress_titles_title":"","_seopress_titles_desc":"","_seopress_robots_index":"","footnotes":""},"categories":[5],"tags":[31916,31915],"class_list":{"0":"post-87618","1":"post","2":"type-post","3":"status-publish","4":"format-standard","5":"has-post-thumbnail","7":"category-musica","8":"tag-billboard-argentina-100-artistas-un-pais","9":"tag-billboard-argentina-festival-por-streaming"},"_links":{"self":[{"href":"https:\/\/www.cordobatimes.com\/showup\/wp-json\/wp\/v2\/posts\/87618","targetHints":{"allow":["GET"]}}],"collection":[{"href":"https:\/\/www.cordobatimes.com\/showup\/wp-json\/wp\/v2\/posts"}],"about":[{"href":"https:\/\/www.cordobatimes.com\/showup\/wp-json\/wp\/v2\/types\/post"}],"author":[{"embeddable":true,"href":"https:\/\/www.cordobatimes.com\/showup\/wp-json\/wp\/v2\/users\/1"}],"replies":[{"embeddable":true,"href":"https:\/\/www.cordobatimes.com\/showup\/wp-json\/wp\/v2\/comments?post=87618"}],"version-history":[{"count":0,"href":"https:\/\/www.cordobatimes.com\/showup\/wp-json\/wp\/v2\/posts\/87618\/revisions"}],"wp:featuredmedia":[{"embeddable":true,"href":"https:\/\/www.cordobatimes.com\/showup\/wp-json\/wp\/v2\/media\/87619"}],"wp:attachment":[{"href":"https:\/\/www.cordobatimes.com\/showup\/wp-json\/wp\/v2\/media?parent=87618"}],"wp:term":[{"taxonomy":"category","embeddable":true,"href":"https:\/\/www.cordobatimes.com\/showup\/wp-json\/wp\/v2\/categories?post=87618"},{"taxonomy":"post_tag","embeddable":true,"href":"https:\/\/www.cordobatimes.com\/showup\/wp-json\/wp\/v2\/tags?post=87618"}],"curies":[{"name":"wp","href":"https:\/\/api.w.org\/{rel}","templated":true}]}}