{"id":87472,"date":"2020-06-12T11:36:02","date_gmt":"2020-06-12T14:36:02","guid":{"rendered":"https:\/\/www.cordobatimes.com\/showup\/?p=87472"},"modified":"2020-06-12T11:36:02","modified_gmt":"2020-06-12T14:36:02","slug":"el-videoclip-de-lali-esposito-y-los-angeles-azules-las-maravillas-de-la-vida","status":"publish","type":"post","link":"https:\/\/www.cordobatimes.com\/showup\/musica\/2020\/06\/12\/el-videoclip-de-lali-esposito-y-los-angeles-azules-las-maravillas-de-la-vida\/","title":{"rendered":"El videoclip de Lali Esp\u00f3sito y Los \u00c1ngeles Azules:  \u201cLas maravillas de la vida\u201d"},"content":{"rendered":"<h3><strong>El grupo de cumbia mexicana y la cantante grabaron una canci\u00f3n\u00a0 que r\u00e1pidamente fue tendencia en las redes sociales.\u00a0<\/strong><\/h3>\n<p>Los \u00c1ngeles Azules, la popular banda de cumbia mexicana, convoc\u00f3 a\u00a0Lali Esp\u00f3sito\u00a0para participar de\u00a0\u201cDe Buenos Aires Para El Mundo\u201d,\u00a0el nuevo disco que comprende las canciones m\u00e1s exitosas del grupo interpretadas por destacados artistas argentinos, chilenos y mexicanos.<\/p>\n<p>El videoclip de\u00a0Las Maravillas De La Vida,\u00a0el tema que cant\u00f3 Lali junto a Los \u00c1ngeles Azules, se estren\u00f3 en Youtube y en solo 7 horas ya tuvo m\u00e1s de 40 mil reproducciones. Mientras que en Twitter el lanzamiento del quinto sencillo del \u00e1lbum tuvo una gran repercusi\u00f3n y ya se convirti\u00f3 r\u00e1pidamente en\u00a0trending topic.<\/p>\n<p>Este clip como los dem\u00e1s videos del \u00e1lbum se grabaron en vivo en el edificio Unione e Benevolenza de Buenos Aires que fue construido en 1858. Tambi\u00e9n participaron reconocidos artistas de diferentes nacionalidades, como\u00a0Vicentico, Abel Pintos, Pablo Lescano, Palito Ortega, Julieta Venegas, Jay de la Cueva, Juan Ingaramo, El Polaco, Soledad, Ulises Bueno, Marcela Morelo, \u00c1ngela Leiva y Am\u00e9rico.<\/p>\n<p>Estos temas, a manera de duetos, mezclan el sonido de la cumbia de Iztapalapa con la cumbia argentina. De esta manera, repasan estilos que van desde el pop y el rock hasta el folclore argentino, integrando instrumentos de la m\u00fasica argentina, como percusiones, bombo leg\u00fcero, bandone\u00f3n, charangos, guitarras y sintetizadores.<\/p>\n<p><iframe loading=\"lazy\" width=\"560\" height=\"315\" src=\"https:\/\/www.youtube.com\/embed\/iwuCfU2ZPqY\" frameborder=\"0\" allow=\"accelerometer; autoplay; encrypted-media; gyroscope; picture-in-picture\" allowfullscreen><\/iframe><\/p>\n","protected":false},"excerpt":{"rendered":"<p>El grupo de cumbia mexicana y la cantante grabaron una canci\u00f3n\u00a0 que r\u00e1pidamente fue tendencia en las redes sociales.\u00a0 Los \u00c1ngeles Azules, la popular banda de cumbia mexicana, convoc\u00f3 a\u00a0Lali Esp\u00f3sito\u00a0para participar de\u00a0\u201cDe Buenos Aires Para El Mundo\u201d,\u00a0el nuevo disco que comprende las canciones m\u00e1s exitosas del grupo interpretadas por destacados artistas argentinos, chilenos y [&hellip;]<\/p>\n","protected":false},"author":1,"featured_media":87473,"comment_status":"closed","ping_status":"closed","sticky":false,"template":"","format":"standard","meta":{"_seopress_robots_primary_cat":"","_seopress_titles_title":"","_seopress_titles_desc":"","_seopress_robots_index":"","footnotes":""},"categories":[5],"tags":[31882,31881],"class_list":{"0":"post-87472","1":"post","2":"type-post","3":"status-publish","4":"format-standard","5":"has-post-thumbnail","7":"category-musica","8":"tag-lali-esposito-y-los-angeles-azules-las-maravillas-de-la-vida","9":"tag-videoclip-de-lali-esposito-y-los-angeles-azules"},"_links":{"self":[{"href":"https:\/\/www.cordobatimes.com\/showup\/wp-json\/wp\/v2\/posts\/87472","targetHints":{"allow":["GET"]}}],"collection":[{"href":"https:\/\/www.cordobatimes.com\/showup\/wp-json\/wp\/v2\/posts"}],"about":[{"href":"https:\/\/www.cordobatimes.com\/showup\/wp-json\/wp\/v2\/types\/post"}],"author":[{"embeddable":true,"href":"https:\/\/www.cordobatimes.com\/showup\/wp-json\/wp\/v2\/users\/1"}],"replies":[{"embeddable":true,"href":"https:\/\/www.cordobatimes.com\/showup\/wp-json\/wp\/v2\/comments?post=87472"}],"version-history":[{"count":0,"href":"https:\/\/www.cordobatimes.com\/showup\/wp-json\/wp\/v2\/posts\/87472\/revisions"}],"wp:featuredmedia":[{"embeddable":true,"href":"https:\/\/www.cordobatimes.com\/showup\/wp-json\/wp\/v2\/media\/87473"}],"wp:attachment":[{"href":"https:\/\/www.cordobatimes.com\/showup\/wp-json\/wp\/v2\/media?parent=87472"}],"wp:term":[{"taxonomy":"category","embeddable":true,"href":"https:\/\/www.cordobatimes.com\/showup\/wp-json\/wp\/v2\/categories?post=87472"},{"taxonomy":"post_tag","embeddable":true,"href":"https:\/\/www.cordobatimes.com\/showup\/wp-json\/wp\/v2\/tags?post=87472"}],"curies":[{"name":"wp","href":"https:\/\/api.w.org\/{rel}","templated":true}]}}