{"id":87334,"date":"2020-06-08T11:56:23","date_gmt":"2020-06-08T14:56:23","guid":{"rendered":"https:\/\/www.cordobatimes.com\/showup\/?p=87334"},"modified":"2020-06-08T11:56:23","modified_gmt":"2020-06-08T14:56:23","slug":"vis-a-vis-el-oasis-najwa-nimri-maggie-civantos-y-alba-flores-se-despiden-de-la-marea-amarilla","status":"publish","type":"post","link":"https:\/\/www.cordobatimes.com\/showup\/cine-y-series\/2020\/06\/08\/vis-a-vis-el-oasis-najwa-nimri-maggie-civantos-y-alba-flores-se-despiden-de-la-marea-amarilla\/","title":{"rendered":"\u201cVis a vis: el oasis\u201d Najwa Nimri, Maggie Civantos y Alba Flores se despiden de la marea amarilla"},"content":{"rendered":"<h3><strong>Este 08 de junio Maca, Zulema y la marea amarilla se despiden para siempre de la TV con la emisi\u00f3n del cap\u00edtulo final de la serie.<\/strong><\/h3>\n<p>La historia de\u00a0Macarena Ferreiro (Maggie Civantos)\u00a0y\u00a0Zulema Nahir (Najwa Nimri)\u00a0cierra su ciclo de forma definitiva este lunes 8 de junio, con la transmisi\u00f3n del episodio final de \u00abVis a vis: el oasis\u201d a trav\u00e9s de Fox Espa\u00f1a. Entre las grandes novedades que presentar\u00e1 este cierre est\u00e1 el esperado regreso de Saray, papel interpretado por\u00a0Alba Flores.<\/p>\n<p>\u201c\u00bfC\u00f3mo est\u00e1n? Estoy aqu\u00ed porque yo no me pod\u00eda perder hacer otra vez de Saray. Meterme en este uniforme, ponerme la coleta para hacer esta \u00faltima temporada de \u201cVis a vis\u201d, as\u00ed que espero que lo disfruten\u201d, es el mensaje que Fox Espa\u00f1a comparti\u00f3 a trav\u00e9s de sus redes sociales junto a un video de la actriz Alba Flores en el rodaje de la serie espa\u00f1ola.<\/p>\n<blockquote class=\"instagram-media\" style=\"background: #FFF; border: 0; border-radius: 3px; box-shadow: 0 0 1px 0 rgba(0,0,0,0.5),0 1px 10px 0 rgba(0,0,0,0.15); margin: 1px; max-width: 540px; min-width: 326px; padding: 0; width: calc(100% - 2px);\" data-instgrm-captioned=\"\" data-instgrm-permalink=\"https:\/\/www.instagram.com\/p\/CBDzn_fCQ18\/?utm_source=ig_embed&amp;utm_campaign=loading\" data-instgrm-version=\"12\">\n<div style=\"padding: 16px;\">\n<p>&nbsp;<\/p>\n<div style=\"display: flex; flex-direction: row; align-items: center;\">\n<div style=\"background-color: #f4f4f4; border-radius: 50%; flex-grow: 0; height: 40px; margin-right: 14px; width: 40px;\"><\/div>\n<div style=\"display: flex; flex-direction: column; flex-grow: 1; justify-content: center;\">\n<div style=\"background-color: #f4f4f4; border-radius: 4px; flex-grow: 0; height: 14px; margin-bottom: 6px; width: 100px;\"><\/div>\n<div style=\"background-color: #f4f4f4; border-radius: 4px; flex-grow: 0; height: 14px; width: 60px;\"><\/div>\n<\/div>\n<\/div>\n<div style=\"padding: 19% 0;\"><\/div>\n<div style=\"display: block; height: 50px; margin: 0 auto 12px; width: 50px;\"><\/div>\n<div style=\"padding-top: 8px;\">\n<div style=\"color: #3897f0; font-family: Arial,sans-serif; font-size: 14px; font-style: normal; font-weight: 550; line-height: 18px;\">Ver esta publicaci\u00f3n en Instagram<\/div>\n<\/div>\n<div style=\"padding: 12.5% 0;\"><\/div>\n<div style=\"display: flex; flex-direction: row; margin-bottom: 14px; align-items: center;\">\n<div>\n<div style=\"background-color: #f4f4f4; border-radius: 50%; height: 12.5px; width: 12.5px; transform: translateX(0px) translateY(7px);\"><\/div>\n<div style=\"background-color: #f4f4f4; height: 12.5px; transform: rotate(-45deg) translateX(3px) translateY(1px); width: 12.5px; flex-grow: 0; margin-right: 14px; margin-left: 2px;\"><\/div>\n<div style=\"background-color: #f4f4f4; border-radius: 50%; height: 12.5px; width: 12.5px; transform: translateX(9px) translateY(-18px);\"><\/div>\n<\/div>\n<div style=\"margin-left: 8px;\">\n<div style=\"background-color: #f4f4f4; border-radius: 50%; flex-grow: 0; height: 20px; width: 20px;\"><\/div>\n<div style=\"width: 0; height: 0; border-top: 2px solid transparent; border-left: 6px solid #f4f4f4; border-bottom: 2px solid transparent; transform: translateX(16px) translateY(-4px) rotate(30deg);\"><\/div>\n<\/div>\n<div style=\"margin-left: auto;\">\n<div style=\"width: 0px; border-top: 8px solid #F4F4F4; border-right: 8px solid transparent; transform: translateY(16px);\"><\/div>\n<div style=\"background-color: #f4f4f4; flex-grow: 0; height: 12px; width: 16px; transform: translateY(-4px);\"><\/div>\n<div style=\"width: 0; height: 0; border-top: 8px solid #F4F4F4; border-left: 8px solid transparent; transform: translateY(-4px) translateX(8px);\"><\/div>\n<\/div>\n<\/div>\n<p>&nbsp;<\/p>\n<p style=\"margin: 8px 0 0 0; padding: 0 4px;\"><a style=\"color: #000; font-family: Arial,sans-serif; font-size: 14px; font-style: normal; font-weight: normal; line-height: 17px; text-decoration: none; word-wrap: break-word;\" href=\"https:\/\/www.instagram.com\/p\/CBDzn_fCQ18\/?utm_source=ig_embed&amp;utm_campaign=loading\" target=\"_blank\" rel=\"noopener noreferrer\">Ella no pod\u00eda faltar en la despedida de #VisAVisEnFOX. Vuelve Saray. El lunes a las 22.00 \u00fatimo episodio de #VisAVisElOasis @albafloresoficial<\/a><\/p>\n<p style=\"color: #c9c8cd; font-family: Arial,sans-serif; font-size: 14px; line-height: 17px; margin-bottom: 0; margin-top: 8px; overflow: hidden; padding: 8px 0 7px; text-align: center; text-overflow: ellipsis; white-space: nowrap;\">Una publicaci\u00f3n compartida de <a style=\"color: #c9c8cd; font-family: Arial,sans-serif; font-size: 14px; font-style: normal; font-weight: normal; line-height: 17px;\" href=\"https:\/\/www.instagram.com\/foxtves\/?utm_source=ig_embed&amp;utm_campaign=loading\" target=\"_blank\" rel=\"noopener noreferrer\"> FOX Espan\u0303a TV<\/a> (@foxtves) el <time style=\"font-family: Arial,sans-serif; font-size: 14px; line-height: 17px;\" datetime=\"2020-06-05T16:05:58+00:00\">5 Jun, 2020 a las 9:05 PDT<\/time><\/p>\n<\/div>\n<\/blockquote>\n<p><script async src=\"\/\/www.instagram.com\/embed.js\"><\/script><\/p>\n<p>Sobre este regreso, el cual no es ninguna sorpresa y era de los m\u00e1s esperados de \u201cVis a vis: el oasis\u201d desde que se estren\u00f3 en abril pasado, Alba Flores revel\u00f3 a trav\u00e9s de una entrevista a distancia con varios medios espa\u00f1oles que fue idea de ella incluir a su personaje en la \u00faltima temporada de la serie.<\/p>\n<p>\u201cQue Saray volviese fue cocin\u00e1ndose con tiempo. Habl\u00e9 con Najwa Nimri, Luc\u00eda Carballal y Sandra Gallego. Cuando me enter\u00e9 de que esta temporada iba a ser la definitiva, les coment\u00e9 que gustar\u00eda darle un cierre a mi personaje\u201d, dijo.<\/p>\n<p>\u201cMi personaje representa todo lo que significa \u2018Vis a vis\u2019, la marea amarilla\u201d, agreg\u00f3 Flores, quien adem\u00e1s cont\u00f3 c\u00f3mo fue despedirse de la popular gitana de Cruz del Norte casi al mismo tiempo de hacer lo propio con \u2018Nairobi\u2019, su personaje en \u201cLa casa de papel\u201d.<\/p>\n<p>\u201cHubo seis meses de separaci\u00f3n entre rodar un desenlace y otro y me result\u00f3 dif\u00edcil poder separar ambos finales. Saray y Nairobi son personajes completamente opuestos, uno es muy oscuro e injusto y otro es muy luminoso y muy emotivo. En cierta manera, la despedida de Saray me ha servido para procesar mejor la muerte de Nairobi. Es tan fuerte y pasional, lleno de vida, un precioso homenaje\u201d, finaliz\u00f3.<\/p>\n<blockquote class=\"instagram-media\" style=\"background: #FFF; border: 0; border-radius: 3px; box-shadow: 0 0 1px 0 rgba(0,0,0,0.5),0 1px 10px 0 rgba(0,0,0,0.15); margin: 1px; max-width: 540px; min-width: 326px; padding: 0; width: calc(100% - 2px);\" data-instgrm-captioned=\"\" data-instgrm-permalink=\"https:\/\/www.instagram.com\/p\/CBC8PEZidD8\/?utm_source=ig_embed&amp;utm_campaign=loading\" data-instgrm-version=\"12\">\n<div style=\"padding: 16px;\">\n<p>&nbsp;<\/p>\n<div style=\"display: flex; flex-direction: row; align-items: center;\">\n<div style=\"background-color: #f4f4f4; border-radius: 50%; flex-grow: 0; height: 40px; margin-right: 14px; width: 40px;\"><\/div>\n<div style=\"display: flex; flex-direction: column; flex-grow: 1; justify-content: center;\">\n<div style=\"background-color: #f4f4f4; border-radius: 4px; flex-grow: 0; height: 14px; margin-bottom: 6px; width: 100px;\"><\/div>\n<div style=\"background-color: #f4f4f4; border-radius: 4px; flex-grow: 0; height: 14px; width: 60px;\"><\/div>\n<\/div>\n<\/div>\n<div style=\"padding: 19% 0;\"><\/div>\n<div style=\"display: block; height: 50px; margin: 0 auto 12px; width: 50px;\"><\/div>\n<div style=\"padding-top: 8px;\">\n<div style=\"color: #3897f0; font-family: Arial,sans-serif; font-size: 14px; font-style: normal; font-weight: 550; line-height: 18px;\">Ver esta publicaci\u00f3n en Instagram<\/div>\n<\/div>\n<div style=\"padding: 12.5% 0;\"><\/div>\n<div style=\"display: flex; flex-direction: row; margin-bottom: 14px; align-items: center;\">\n<div>\n<div style=\"background-color: #f4f4f4; border-radius: 50%; height: 12.5px; width: 12.5px; transform: translateX(0px) translateY(7px);\"><\/div>\n<div style=\"background-color: #f4f4f4; height: 12.5px; transform: rotate(-45deg) translateX(3px) translateY(1px); width: 12.5px; flex-grow: 0; margin-right: 14px; margin-left: 2px;\"><\/div>\n<div style=\"background-color: #f4f4f4; border-radius: 50%; height: 12.5px; width: 12.5px; transform: translateX(9px) translateY(-18px);\"><\/div>\n<\/div>\n<div style=\"margin-left: 8px;\">\n<div style=\"background-color: #f4f4f4; border-radius: 50%; flex-grow: 0; height: 20px; width: 20px;\"><\/div>\n<div style=\"width: 0; height: 0; border-top: 2px solid transparent; border-left: 6px solid #f4f4f4; border-bottom: 2px solid transparent; transform: translateX(16px) translateY(-4px) rotate(30deg);\"><\/div>\n<\/div>\n<div style=\"margin-left: auto;\">\n<div style=\"width: 0px; border-top: 8px solid #F4F4F4; border-right: 8px solid transparent; transform: translateY(16px);\"><\/div>\n<div style=\"background-color: #f4f4f4; flex-grow: 0; height: 12px; width: 16px; transform: translateY(-4px);\"><\/div>\n<div style=\"width: 0; height: 0; border-top: 8px solid #F4F4F4; border-left: 8px solid transparent; transform: translateY(-4px) translateX(8px);\"><\/div>\n<\/div>\n<\/div>\n<p>&nbsp;<\/p>\n<p style=\"margin: 8px 0 0 0; padding: 0 4px;\"><a style=\"color: #000; font-family: Arial,sans-serif; font-size: 14px; font-style: normal; font-weight: normal; line-height: 17px; text-decoration: none; word-wrap: break-word;\" href=\"https:\/\/www.instagram.com\/p\/CBC8PEZidD8\/?utm_source=ig_embed&amp;utm_campaign=loading\" target=\"_blank\" rel=\"noopener noreferrer\">\u00abEsto no pinta bien. Ramala no viene a hacer rehenes\u00bb. Avance exclusivo del final de #VisAVisElOasis. Este lunes a las 22.00 \u00faltimo episodio de #VisAVisENFOX<\/a><\/p>\n<p style=\"color: #c9c8cd; font-family: Arial,sans-serif; font-size: 14px; line-height: 17px; margin-bottom: 0; margin-top: 8px; overflow: hidden; padding: 8px 0 7px; text-align: center; text-overflow: ellipsis; white-space: nowrap;\">Una publicaci\u00f3n compartida de <a style=\"color: #c9c8cd; font-family: Arial,sans-serif; font-size: 14px; font-style: normal; font-weight: normal; line-height: 17px;\" href=\"https:\/\/www.instagram.com\/foxtves\/?utm_source=ig_embed&amp;utm_campaign=loading\" target=\"_blank\" rel=\"noopener noreferrer\"> FOX Espan\u0303a TV<\/a> (@foxtves) el <time style=\"font-family: Arial,sans-serif; font-size: 14px; line-height: 17px;\" datetime=\"2020-06-05T08:01:56+00:00\">5 Jun, 2020 a las 1:01 PDT<\/time><\/p>\n<\/div>\n<\/blockquote>\n<p><script async src=\"\/\/www.instagram.com\/embed.js\"><\/script><\/p>\n<h3><strong>EL ADI\u00d3S DE MACA Y ZULEMA<\/strong><\/h3>\n<p>A lo largo de estos siete episodios de \u201cVis a vis: el oasis\u00bb, hemos visto la relaci\u00f3n de Maca y Zulema fuera de prisi\u00f3n y como el d\u00fao perfecto para robar joyas y bancos.<\/p>\n<p>El personaje que interpreta Maggie Civantos en la serie, defini\u00f3 en el episodio cuatro, la sociedad con su ex enemiga con la siguiente frase: \u201cNo \u00e9ramos amigas, no \u00e9ramos nada pero juntas \u00e9ramos el matrimonio perfecto\u201d.<\/p>\n","protected":false},"excerpt":{"rendered":"<p>Este 08 de junio Maca, Zulema y la marea amarilla se despiden para siempre de la TV con la emisi\u00f3n del cap\u00edtulo final de la serie. La historia de\u00a0Macarena Ferreiro (Maggie Civantos)\u00a0y\u00a0Zulema Nahir (Najwa Nimri)\u00a0cierra su ciclo de forma definitiva este lunes 8 de junio, con la transmisi\u00f3n del episodio final de \u00abVis a vis: [&hellip;]<\/p>\n","protected":false},"author":1,"featured_media":87335,"comment_status":"closed","ping_status":"closed","sticky":false,"template":"","format":"standard","meta":{"_seopress_robots_primary_cat":"","_seopress_titles_title":"","_seopress_titles_desc":"","_seopress_robots_index":"","footnotes":""},"categories":[3],"tags":[31837,31838,31839],"class_list":{"0":"post-87334","1":"post","2":"type-post","3":"status-publish","4":"format-standard","5":"has-post-thumbnail","7":"category-cine-y-series","8":"tag-final-de-vis-a-vis","9":"tag-final-de-vis-a-vis-el-oasis","10":"tag-vis-a-vis-el-oasis-najwa-nimri-maggie-civantos-y-alba-flores"},"_links":{"self":[{"href":"https:\/\/www.cordobatimes.com\/showup\/wp-json\/wp\/v2\/posts\/87334","targetHints":{"allow":["GET"]}}],"collection":[{"href":"https:\/\/www.cordobatimes.com\/showup\/wp-json\/wp\/v2\/posts"}],"about":[{"href":"https:\/\/www.cordobatimes.com\/showup\/wp-json\/wp\/v2\/types\/post"}],"author":[{"embeddable":true,"href":"https:\/\/www.cordobatimes.com\/showup\/wp-json\/wp\/v2\/users\/1"}],"replies":[{"embeddable":true,"href":"https:\/\/www.cordobatimes.com\/showup\/wp-json\/wp\/v2\/comments?post=87334"}],"version-history":[{"count":0,"href":"https:\/\/www.cordobatimes.com\/showup\/wp-json\/wp\/v2\/posts\/87334\/revisions"}],"wp:featuredmedia":[{"embeddable":true,"href":"https:\/\/www.cordobatimes.com\/showup\/wp-json\/wp\/v2\/media\/87335"}],"wp:attachment":[{"href":"https:\/\/www.cordobatimes.com\/showup\/wp-json\/wp\/v2\/media?parent=87334"}],"wp:term":[{"taxonomy":"category","embeddable":true,"href":"https:\/\/www.cordobatimes.com\/showup\/wp-json\/wp\/v2\/categories?post=87334"},{"taxonomy":"post_tag","embeddable":true,"href":"https:\/\/www.cordobatimes.com\/showup\/wp-json\/wp\/v2\/tags?post=87334"}],"curies":[{"name":"wp","href":"https:\/\/api.w.org\/{rel}","templated":true}]}}