{"id":87205,"date":"2020-06-05T11:29:13","date_gmt":"2020-06-05T14:29:13","guid":{"rendered":"https:\/\/www.cordobatimes.com\/showup\/?p=87205"},"modified":"2020-06-05T11:29:13","modified_gmt":"2020-06-05T14:29:13","slug":"roberto-gomez-bolanos-tendra-su-propia-biopic","status":"publish","type":"post","link":"https:\/\/www.cordobatimes.com\/showup\/cine-y-series\/2020\/06\/05\/roberto-gomez-bolanos-tendra-su-propia-biopic\/","title":{"rendered":"Roberto G\u00f3mez Bola\u00f1os tendr\u00e1 su propia biopic"},"content":{"rendered":"<h3><strong>El querido y recordado comediante tambi\u00e9n tendr\u00e1 su serie biogr\u00e1fica que se estrenar\u00eda el a\u00f1o que viene.<\/strong><\/h3>\n<p>&nbsp;<\/p>\n<p>Una buena noticia para todos los fan\u00e1ticos de Roberto G\u00f3mez Bola\u00f1os y sus personajes lleg\u00f3 desde M\u00e9xico. El recordado Chespirito, fallecido en noviembre del 2014 finalmente tendr\u00e1 su propia serie biogr\u00e1fica, que saldr\u00eda al aire en el 2021.<\/p>\n<p>Tan\u00eda Ben\u00edtez, una de las productoras del proyecto confirm\u00f3 a los medios mexicanos que el proyecto avanza y que se encuentra en la etapa de preproducci\u00f3n. \u201cEl aislamiento nos ha permitido explorar y ver qu\u00e9 queremos recrear\u201d, afirm\u00f3.<\/p>\n<p>La ficci\u00f3n se apoyar\u00e1 en la autobiograf\u00eda Sin querer queriendo, publicada en 2006. La producci\u00f3n estar\u00e1 a cargo de THR3 Media Group, de la que forma parte Ben\u00edtez y Grupo Chespirito, la firma que comanda el hijo del comediante fallecido en 2014.<\/p>\n<p>\u00abQue est\u00e9 Roberto en este proyecto nos da mucha confianza, \u00e9l ve que todo est\u00e9 equilibrado, que la serie tenga sus elementos de comedia\u201d, dijo la productora, feliz de que un familiar directo del autor y actor participe del proyecto.<\/p>\n<p>Por su parte, en otra oportunidad G\u00f3mez Fern\u00e1ndez dijo que quer\u00eda que entre los actores de la obra estuviera Mar\u00eda Antonieta de las Nieves, quien durante a\u00f1os interpret\u00f3 a la Chilindrina en El Chavo del Ocho, ya que era muy querida por su pap\u00e1.<\/p>\n<p>El creador de El Chavo, El Chapul\u00edn Colorado, El Doctor Chapat\u00edn y El Ch\u00f3mpiras entre otros personajes naci\u00f3 el 21 de febrero de 1929 en Ciudad de M\u00e9xico. Aunque estudi\u00f3 ingenier\u00eda, nunca ejerci\u00f3 por desde chico su pasi\u00f3n fue escribir, por eso su apodo, derivado de Shakespeare. A los 22 a\u00f1os comenz\u00f3 a trabajar en una empresa de publicidad y r\u00e1pidamente comenz\u00f3 a hacer libretos para la radio.<\/p>\n<p>El antes y despu\u00e9s en su carrera fue en 1969 cuando la televisora TIM le entreg\u00f3 un espacio para que \u00e9l creara a su gusto. Fue entonces que hizo los humor\u00edsticos de actualidad Los Supergenios de la Mesa Cuadrada y el El Ciudadano G\u00f3mez, con \u00e9l como figura y acompa\u00f1ado por Ruben Aguirre, Mar\u00eda Antonieta de las Nieves, Ram\u00f3n Vadl\u00e9s y Florinda Meza, quienes siguieron trabajando con \u00e9l durante a\u00f1os.<\/p>\n<p>Su sello era tan fuerte que r\u00e1pidamente el ciclo empez\u00f3 a llamarse simplemente Chespirito y entre otros sketchs incorpor\u00f3 el de El Chavo del 8, el ni\u00f1o que vive en la vecindad acompa\u00f1ado de Quico, Do\u00f1a Florinda, Don Ram\u00f3n y La Chilindrina. Tal vez ese sea uno de los personajes m\u00e1s fuertes que cre\u00f3 y seguramente el m\u00e1s querido en la Argentina.<\/p>\n<p>Con sus personajes crecieron varias generaciones en toda Am\u00e9rica Latina que a\u00fan recuerdan las frases de la serie como: \u201cEs que no me tienen paciencia\u201d, \u201cBueno pero no te enojes\u201d, \u201cAl cabo que ni quer\u00eda\u201d o \u201cFue sin querer queriendo\u201d, como se bautiz\u00f3 a su biograf\u00eda.<\/p>\n<p>Padre de seis hijos fruto de su matrimonio con Graciela Fern\u00e1ndez, adem\u00e1s de por su gran trabajo, el artista tambi\u00e9n sobresali\u00f3 por cuestiones personales y esc\u00e1ndalos. A fines de los \u201970 comenz\u00f3 su relaci\u00f3n con Florinda Meza, quien fuera su mujer hasta el \u00faltimo d\u00eda y con quien se cas\u00f3 reci\u00e9n luego de 27 a\u00f1os de convivemcia. Sin embargo, aquel amor trajo problemas en el elenco ya que ella hab\u00eda salido con Carlos Villagr\u00e1n. Eso y el creciente protagonismo de Quico en la ficci\u00f3n, habr\u00eda desgastado la relaci\u00f3n entre los actores.<\/p>\n<p>Aquella situaci\u00f3n inc\u00f3moda habr\u00eda sido la causante de la salida moment\u00e1nea de Mar\u00eda Antonieta de las Nieves del staff. Adem\u00e1s del apartamiento definitivo de Villagr\u00e1n y Vald\u00e9s. Lo que oblig\u00f3 a Chespirito a reacomodar las fichas, d\u00e1ndole m\u00e1s protagonismo a personajes como Popis, interpretada por Meza y No\u00f1o, de la mano de Edgar Vivar.<\/p>\n<p>El 28 de noviembre del 2014 muri\u00f3 en Canc\u00fan, tras una insuficiencia card\u00edaca. No est\u00e1 f\u00edsicamente pero sigue vivo a trav\u00e9s de su legado, que contin\u00faa fanatizando a chicos de toda Am\u00e9rica.<\/p>\n","protected":false},"excerpt":{"rendered":"<p>El querido y recordado comediante tambi\u00e9n tendr\u00e1 su serie biogr\u00e1fica que se estrenar\u00eda el a\u00f1o que viene. &nbsp; Una buena noticia para todos los fan\u00e1ticos de Roberto G\u00f3mez Bola\u00f1os y sus personajes lleg\u00f3 desde M\u00e9xico. El recordado Chespirito, fallecido en noviembre del 2014 finalmente tendr\u00e1 su propia serie biogr\u00e1fica, que saldr\u00eda al aire en el [&hellip;]<\/p>\n","protected":false},"author":1,"featured_media":87206,"comment_status":"closed","ping_status":"closed","sticky":false,"template":"","format":"standard","meta":{"_seopress_robots_primary_cat":"","_seopress_titles_title":"","_seopress_titles_desc":"","_seopress_robots_index":"","footnotes":""},"categories":[3],"tags":[31802,31800,31801],"class_list":{"0":"post-87205","1":"post","2":"type-post","3":"status-publish","4":"format-standard","5":"has-post-thumbnail","7":"category-cine-y-series","8":"tag-biografia-de-chespirito","9":"tag-biografia-de-roberto-gomez-bolanos","10":"tag-biopic-de-roberto-gomez-bolanos"},"_links":{"self":[{"href":"https:\/\/www.cordobatimes.com\/showup\/wp-json\/wp\/v2\/posts\/87205","targetHints":{"allow":["GET"]}}],"collection":[{"href":"https:\/\/www.cordobatimes.com\/showup\/wp-json\/wp\/v2\/posts"}],"about":[{"href":"https:\/\/www.cordobatimes.com\/showup\/wp-json\/wp\/v2\/types\/post"}],"author":[{"embeddable":true,"href":"https:\/\/www.cordobatimes.com\/showup\/wp-json\/wp\/v2\/users\/1"}],"replies":[{"embeddable":true,"href":"https:\/\/www.cordobatimes.com\/showup\/wp-json\/wp\/v2\/comments?post=87205"}],"version-history":[{"count":0,"href":"https:\/\/www.cordobatimes.com\/showup\/wp-json\/wp\/v2\/posts\/87205\/revisions"}],"wp:featuredmedia":[{"embeddable":true,"href":"https:\/\/www.cordobatimes.com\/showup\/wp-json\/wp\/v2\/media\/87206"}],"wp:attachment":[{"href":"https:\/\/www.cordobatimes.com\/showup\/wp-json\/wp\/v2\/media?parent=87205"}],"wp:term":[{"taxonomy":"category","embeddable":true,"href":"https:\/\/www.cordobatimes.com\/showup\/wp-json\/wp\/v2\/categories?post=87205"},{"taxonomy":"post_tag","embeddable":true,"href":"https:\/\/www.cordobatimes.com\/showup\/wp-json\/wp\/v2\/tags?post=87205"}],"curies":[{"name":"wp","href":"https:\/\/api.w.org\/{rel}","templated":true}]}}