{"id":87129,"date":"2020-06-01T10:43:10","date_gmt":"2020-06-01T13:43:10","guid":{"rendered":"https:\/\/www.cordobatimes.com\/showup\/?p=87129"},"modified":"2020-06-01T10:43:10","modified_gmt":"2020-06-01T13:43:10","slug":"alejandro-lerner-grabo-una-version-de-cambiar-el-mundo-con-artistas-de-doce-paises","status":"publish","type":"post","link":"https:\/\/www.cordobatimes.com\/showup\/musica\/2020\/06\/01\/alejandro-lerner-grabo-una-version-de-cambiar-el-mundo-con-artistas-de-doce-paises\/","title":{"rendered":"Alejandro Lerner grab\u00f3 una versi\u00f3n de \u00abCambiar el mundo\u00bb con artistas de doce pa\u00edses"},"content":{"rendered":"<h3><strong>La canci\u00f3n es a beneficio de M\u00e9dicos Sin Fronteras.<\/strong><\/h3>\n<p>Alejandro Lerner\u00a0lanz\u00f3 un videoclip con una nueva versi\u00f3n de su canci\u00f3n\u00a0Cambiar el mundo\u00a0junto a j\u00f3venes talentos de doce pa\u00edses, en una combinaci\u00f3n de doce idiomas distintos, a beneficio de M\u00e9dicos Sin Fronteras.<\/p>\n<p>En el v\u00eddeo participan desde sus respectivos hogares artistas de Argentina, Espa\u00f1a, Portugal, Palestina, Rusia, Francia, Corea, India, Israel, Italia, Estados Unidos y Alemania.<\/p>\n<p>Lerner trabaj\u00f3 este proyecto junto a Lucas Edi, un m\u00fasico que fue parte de Talento Fox y particip\u00f3 de la serie de Disney Once.<\/p>\n<p>\u00abEs una de las experiencias m\u00e1s hermosas de mi vida, trabajar con quien para m\u00ed es el artista m\u00e1s importante de Latinoam\u00e9rica, quien nos dio a todos los que trabajamos para llevar adelante este proyecto, clases de humildad y grandeza\u00bb, dijo Edi, a trav\u00e9s de un comunicado de prensa.<\/p>\n<p>Cambiar el mundo\u00a0es una canci\u00f3n realizada para Disney hace 17 a\u00f1os que, en medio de la pandemia de\u00a0coronavirus, es retomada para brindar un mensaje esperanzador.<\/p>\n<blockquote class=\"instagram-media\" style=\"background: #FFF; border: 0; border-radius: 3px; box-shadow: 0 0 1px 0 rgba(0,0,0,0.5),0 1px 10px 0 rgba(0,0,0,0.15); margin: 1px; max-width: 540px; min-width: 326px; padding: 0; width: calc(100% - 2px);\" data-instgrm-captioned=\"\" data-instgrm-permalink=\"https:\/\/www.instagram.com\/p\/CAv2FE0HxbC\/?utm_source=ig_embed&amp;utm_campaign=loading\" data-instgrm-version=\"12\">\n<div style=\"padding: 16px;\">\n<p>&nbsp;<\/p>\n<div style=\"display: flex; flex-direction: row; align-items: center;\">\n<div style=\"background-color: #f4f4f4; border-radius: 50%; flex-grow: 0; height: 40px; margin-right: 14px; width: 40px;\"><\/div>\n<div style=\"display: flex; flex-direction: column; flex-grow: 1; justify-content: center;\">\n<div style=\"background-color: #f4f4f4; border-radius: 4px; flex-grow: 0; height: 14px; margin-bottom: 6px; width: 100px;\"><\/div>\n<div style=\"background-color: #f4f4f4; border-radius: 4px; flex-grow: 0; height: 14px; width: 60px;\"><\/div>\n<\/div>\n<\/div>\n<div style=\"padding: 19% 0;\"><\/div>\n<div style=\"display: block; height: 50px; margin: 0 auto 12px; width: 50px;\"><\/div>\n<div style=\"padding-top: 8px;\">\n<div style=\"color: #3897f0; font-family: Arial,sans-serif; font-size: 14px; font-style: normal; font-weight: 550; line-height: 18px;\">Ver esta publicaci\u00f3n en Instagram<\/div>\n<\/div>\n<div style=\"padding: 12.5% 0;\"><\/div>\n<div style=\"display: flex; flex-direction: row; margin-bottom: 14px; align-items: center;\">\n<div>\n<div style=\"background-color: #f4f4f4; border-radius: 50%; height: 12.5px; width: 12.5px; transform: translateX(0px) translateY(7px);\"><\/div>\n<div style=\"background-color: #f4f4f4; height: 12.5px; transform: rotate(-45deg) translateX(3px) translateY(1px); width: 12.5px; flex-grow: 0; margin-right: 14px; margin-left: 2px;\"><\/div>\n<div style=\"background-color: #f4f4f4; border-radius: 50%; height: 12.5px; width: 12.5px; transform: translateX(9px) translateY(-18px);\"><\/div>\n<\/div>\n<div style=\"margin-left: 8px;\">\n<div style=\"background-color: #f4f4f4; border-radius: 50%; flex-grow: 0; height: 20px; width: 20px;\"><\/div>\n<div style=\"width: 0; height: 0; border-top: 2px solid transparent; border-left: 6px solid #f4f4f4; border-bottom: 2px solid transparent; transform: translateX(16px) translateY(-4px) rotate(30deg);\"><\/div>\n<\/div>\n<div style=\"margin-left: auto;\">\n<div style=\"width: 0px; border-top: 8px solid #F4F4F4; border-right: 8px solid transparent; transform: translateY(16px);\"><\/div>\n<div style=\"background-color: #f4f4f4; flex-grow: 0; height: 12px; width: 16px; transform: translateY(-4px);\"><\/div>\n<div style=\"width: 0; height: 0; border-top: 8px solid #F4F4F4; border-left: 8px solid transparent; transform: translateY(-4px) translateX(8px);\"><\/div>\n<\/div>\n<\/div>\n<p>&nbsp;<\/p>\n<p style=\"margin: 8px 0 0 0; padding: 0 4px;\"><a style=\"color: #000; font-family: Arial,sans-serif; font-size: 14px; font-style: normal; font-weight: normal; line-height: 17px; text-decoration: none; word-wrap: break-word;\" href=\"https:\/\/www.instagram.com\/p\/CAv2FE0HxbC\/?utm_source=ig_embed&amp;utm_campaign=loading\" target=\"_blank\" rel=\"noopener noreferrer\">Estoy muy contento de anunciarles el lanzamiento de este hermoso proyecto, \u201cCambiar el Mundo\u201d, a beneficio de Medicos Sin Fronteras, del cual tengo la alegri\u0301a de ser parte y que man\u0303ana podra\u0301n conocer Pueden encontrar el link en mi biografi\u0301a para ayudar a Medicos Sin Fronteras a responder a la pandemia de coronavirus realizando una donacio\u0301n. @medicossinfronterassudamerica @abrildsola @charlcanepa @racecii @darina.serovaa @teleferica @franlagos__ @lnee_golay @_lucasedi @maaiankreisler @iammartyd @matildensilva @meggbar @renzolu @sophia_obligi<\/a><\/p>\n<p style=\"color: #c9c8cd; font-family: Arial,sans-serif; font-size: 14px; line-height: 17px; margin-bottom: 0; margin-top: 8px; overflow: hidden; padding: 8px 0 7px; text-align: center; text-overflow: ellipsis; white-space: nowrap;\">Una publicaci\u00f3n compartida de <a style=\"color: #c9c8cd; font-family: Arial,sans-serif; font-size: 14px; font-style: normal; font-weight: normal; line-height: 17px;\" href=\"https:\/\/www.instagram.com\/alelernerok\/?utm_source=ig_embed&amp;utm_campaign=loading\" target=\"_blank\" rel=\"noopener noreferrer\"> Alejandro Lerner<\/a> (@alelernerok) el <time style=\"font-family: Arial,sans-serif; font-size: 14px; line-height: 17px;\" datetime=\"2020-05-28T22:02:20+00:00\">28 May, 2020 a las 3:02 PDT<\/time><\/p>\n<\/div>\n<\/blockquote>\n<p><script async src=\"\/\/www.instagram.com\/embed.js\"><\/script><\/p>\n<p><iframe loading=\"lazy\" src=\"https:\/\/www.youtube.com\/embed\/fQs7MJjlv8I\" width=\"560\" height=\"315\" frameborder=\"0\" allowfullscreen=\"allowfullscreen\"><\/iframe><\/p>\n","protected":false},"excerpt":{"rendered":"<p>La canci\u00f3n es a beneficio de M\u00e9dicos Sin Fronteras. Alejandro Lerner\u00a0lanz\u00f3 un videoclip con una nueva versi\u00f3n de su canci\u00f3n\u00a0Cambiar el mundo\u00a0junto a j\u00f3venes talentos de doce pa\u00edses, en una combinaci\u00f3n de doce idiomas distintos, a beneficio de M\u00e9dicos Sin Fronteras. En el v\u00eddeo participan desde sus respectivos hogares artistas de Argentina, Espa\u00f1a, Portugal, Palestina, [&hellip;]<\/p>\n","protected":false},"author":1,"featured_media":87130,"comment_status":"closed","ping_status":"closed","sticky":false,"template":"","format":"standard","meta":{"_seopress_robots_primary_cat":"","_seopress_titles_title":"","_seopress_titles_desc":"","_seopress_robots_index":"","footnotes":""},"categories":[5],"tags":[31769,31768],"class_list":{"0":"post-87129","1":"post","2":"type-post","3":"status-publish","4":"format-standard","5":"has-post-thumbnail","7":"category-musica","8":"tag-alejandro-lerner-cambiar-el-mundo","9":"tag-version-de-cambiar-el-mundo-con-artistas-de-doce-paises"},"_links":{"self":[{"href":"https:\/\/www.cordobatimes.com\/showup\/wp-json\/wp\/v2\/posts\/87129","targetHints":{"allow":["GET"]}}],"collection":[{"href":"https:\/\/www.cordobatimes.com\/showup\/wp-json\/wp\/v2\/posts"}],"about":[{"href":"https:\/\/www.cordobatimes.com\/showup\/wp-json\/wp\/v2\/types\/post"}],"author":[{"embeddable":true,"href":"https:\/\/www.cordobatimes.com\/showup\/wp-json\/wp\/v2\/users\/1"}],"replies":[{"embeddable":true,"href":"https:\/\/www.cordobatimes.com\/showup\/wp-json\/wp\/v2\/comments?post=87129"}],"version-history":[{"count":0,"href":"https:\/\/www.cordobatimes.com\/showup\/wp-json\/wp\/v2\/posts\/87129\/revisions"}],"wp:featuredmedia":[{"embeddable":true,"href":"https:\/\/www.cordobatimes.com\/showup\/wp-json\/wp\/v2\/media\/87130"}],"wp:attachment":[{"href":"https:\/\/www.cordobatimes.com\/showup\/wp-json\/wp\/v2\/media?parent=87129"}],"wp:term":[{"taxonomy":"category","embeddable":true,"href":"https:\/\/www.cordobatimes.com\/showup\/wp-json\/wp\/v2\/categories?post=87129"},{"taxonomy":"post_tag","embeddable":true,"href":"https:\/\/www.cordobatimes.com\/showup\/wp-json\/wp\/v2\/tags?post=87129"}],"curies":[{"name":"wp","href":"https:\/\/api.w.org\/{rel}","templated":true}]}}