{"id":86848,"date":"2020-05-28T11:03:19","date_gmt":"2020-05-28T14:03:19","guid":{"rendered":"https:\/\/www.cordobatimes.com\/showup\/?p=86848"},"modified":"2020-05-28T11:03:19","modified_gmt":"2020-05-28T14:03:19","slug":"llega-a-netflix-el-limite-infinito-el-documental-sobre-el-cordobes-jean-maggi","status":"publish","type":"post","link":"https:\/\/www.cordobatimes.com\/showup\/cine-y-series\/2020\/05\/28\/llega-a-netflix-el-limite-infinito-el-documental-sobre-el-cordobes-jean-maggi\/","title":{"rendered":"Llega a Netflix el l\u00edmite infinito, el documental sobre el cordob\u00e9s Jean Maggi"},"content":{"rendered":"<h3><strong>Fue producido por Campanella y trata sobre el deportista adaptado y su proeza de subir el Himalaya en bicicleta. Una historia de superaci\u00f3n y tenacidad que repercuti\u00f3 en la sociedad.\u00a0<\/strong><\/h3>\n<p>La tenaz historia de autosuperaci\u00f3n del cordob\u00e9s Jean Maggi llega a Netflix en junio, con un documental que gr\u00e1fica con tintes de \u00e9pica su vida. El l\u00edmite infinito se centra en un logro fundamental: su ascenso en bicicleta de mano ni m\u00e1s ni menos que al Himalaya, es decir, el paso m\u00e1s alto del mundo, a 5600 metros sobre el nivel del mar.<\/p>\n<p>La de Maggi es una de esas historias que encajan a la perfecci\u00f3n en lo que se denominar\u00eda como \u201cde pel\u00edcula\u201d. Al a\u00f1o de edad se enferm\u00f3 de poliomielitis, pero por alg\u00fan mecanismo psicol\u00f3gico complejo su discapacidad no hizo m\u00e1s que potenciarlo en diferentes direcciones.<\/p>\n<p>En primera instancia se entreg\u00f3 a los excesos, hasta que un infarto le marc\u00f3 la cancha y lo puso al l\u00edmite. Ah\u00ed se reconvirti\u00f3 como un devoto de la pr\u00e1ctica deportiva, y lo hizo con la misma intensidad y convicci\u00f3n de superarse a s\u00ed mismo. Siempre quiso dejar atr\u00e1s al \u201cpobrecito\u201d que le qued\u00f3 marcado de su infancia, como sol\u00edan decirle las se\u00f1oras cuando lo ve\u00edan con sus muletas.<\/p>\n<p>El documental relata muy bien c\u00f3mo esta capacidad de moverse libremente que le otorgaba la bicicleta destrab\u00f3 un costado como deportista de elite que Jean ten\u00eda en s\u00ed pero desconoc\u00eda. R\u00e1pidamente fue aceptando desaf\u00edos y sumando habilidades, mientras adaptaba su cuerpo a esta nueva etapa de su vida.<\/p>\n<p>Constantemente la pel\u00edcula busca defender la premisa de que la fuerza de voluntad y superaci\u00f3n puede ser el mayor incentivo para igualarnos. En ese sentido, la discapacidad es pr\u00e1cticamente una circunstancia que puede ser superada. La vida del protagonista es la prueba viviente de ello.<\/p>\n<p>Lo que el trabajo omite de ra\u00edz son las evidentes posibilidades socioecon\u00f3micas con las que contaba Maggi. Es una duda l\u00edcita que surge en el espectador. Ojal\u00e1 bastara con propon\u00e9rselo para alcanzarlo.<\/p>\n<p>Sin embargo, en el \u00faltimo cuarto de\u00a0El l\u00edmite infinito\u00a0tanto el protagonista como el espectador encuentran el verdadero sentido del \u201cviaje\u201d que realiz\u00f3 este atleta. Dejando de lado cierto costado \u201cegoc\u00e9ntrico\u201d que siempre lo hab\u00eda impulsado, al hacer cima en el Himalaya Maggi comprende que en vez de seguir buscando desaf\u00edos en lo personal, su verdadera realizaci\u00f3n se puede dar cuando mira hacia abajo para ayudar a otros a romper sus l\u00edmites.<\/p>\n<p>Ah\u00ed es cuando el documental (ciertamente \u00e1gil y breve, de 47 minutos de duraci\u00f3n), se torna emotivo y pasa a tener una visi\u00f3n m\u00e1s amplia que la de un \u201csuperh\u00e9roe\u201d sobre ruedas, por m\u00e1s real que eso sea.<\/p>\n<p>La pel\u00edcula estr\u00e1 disponible para ver en Netflix el 17 de junio.<\/p>\n<p><iframe loading=\"lazy\" src=\"https:\/\/www.youtube.com\/embed\/HL3uL50ApY8\" width=\"560\" height=\"315\" frameborder=\"0\" allowfullscreen=\"allowfullscreen\"><\/iframe><\/p>\n<p><img alt=\"\" loading=\"lazy\" decoding=\"async\" class=\"alignnone size-medium wp-image-86851\" src=\"https:\/\/www.cordobatimes.com\/showup\/wp-content\/uploads\/2020\/05\/documental-cordobes-2-750x412.jpg\" alt=\"\" width=\"750\" height=\"412\" srcset=\"https:\/\/www.cordobatimes.com\/showup\/wp-content\/uploads\/2020\/05\/documental-cordobes-2-750x412.jpg 750w, https:\/\/www.cordobatimes.com\/showup\/wp-content\/uploads\/2020\/05\/documental-cordobes-2-760x417.jpg 760w, https:\/\/www.cordobatimes.com\/showup\/wp-content\/uploads\/2020\/05\/documental-cordobes-2-768x422.jpg 768w, https:\/\/www.cordobatimes.com\/showup\/wp-content\/uploads\/2020\/05\/documental-cordobes-2-696x382.jpg 696w, https:\/\/www.cordobatimes.com\/showup\/wp-content\/uploads\/2020\/05\/documental-cordobes-2-765x420.jpg 765w, https:\/\/www.cordobatimes.com\/showup\/wp-content\/uploads\/2020\/05\/documental-cordobes-2.jpg 1020w\" sizes=\"auto, (max-width: 750px) 100vw, 750px\" \/><\/p>\n<p><img alt=\"\" loading=\"lazy\" decoding=\"async\" class=\"alignnone size-medium wp-image-86852\" src=\"https:\/\/www.cordobatimes.com\/showup\/wp-content\/uploads\/2020\/05\/documental-cordobes-3-750x412.jpg\" alt=\"\" width=\"750\" height=\"412\" srcset=\"https:\/\/www.cordobatimes.com\/showup\/wp-content\/uploads\/2020\/05\/documental-cordobes-3-750x412.jpg 750w, https:\/\/www.cordobatimes.com\/showup\/wp-content\/uploads\/2020\/05\/documental-cordobes-3-760x417.jpg 760w, https:\/\/www.cordobatimes.com\/showup\/wp-content\/uploads\/2020\/05\/documental-cordobes-3-768x422.jpg 768w, https:\/\/www.cordobatimes.com\/showup\/wp-content\/uploads\/2020\/05\/documental-cordobes-3-696x382.jpg 696w, https:\/\/www.cordobatimes.com\/showup\/wp-content\/uploads\/2020\/05\/documental-cordobes-3-765x420.jpg 765w, https:\/\/www.cordobatimes.com\/showup\/wp-content\/uploads\/2020\/05\/documental-cordobes-3.jpg 1020w\" sizes=\"auto, (max-width: 750px) 100vw, 750px\" \/><\/p>\n","protected":false},"excerpt":{"rendered":"<p>Fue producido por Campanella y trata sobre el deportista adaptado y su proeza de subir el Himalaya en bicicleta. Una historia de superaci\u00f3n y tenacidad que repercuti\u00f3 en la sociedad.\u00a0 La tenaz historia de autosuperaci\u00f3n del cordob\u00e9s Jean Maggi llega a Netflix en junio, con un documental que gr\u00e1fica con tintes de \u00e9pica su vida. [&hellip;]<\/p>\n","protected":false},"author":1,"featured_media":86850,"comment_status":"closed","ping_status":"closed","sticky":false,"template":"","format":"standard","meta":{"_seopress_robots_primary_cat":"","_seopress_titles_title":"","_seopress_titles_desc":"","_seopress_robots_index":"","footnotes":""},"categories":[3],"tags":[31718,31719,31720],"class_list":{"0":"post-86848","1":"post","2":"type-post","3":"status-publish","4":"format-standard","5":"has-post-thumbnail","7":"category-cine-y-series","8":"tag-documental-sobre-el-cordobes-jean-maggi","9":"tag-el-limite-infinito-el-documental-sobre-el-cordobes-jean-maggi","10":"tag-el-limite-infinito-jean-maggi"},"_links":{"self":[{"href":"https:\/\/www.cordobatimes.com\/showup\/wp-json\/wp\/v2\/posts\/86848","targetHints":{"allow":["GET"]}}],"collection":[{"href":"https:\/\/www.cordobatimes.com\/showup\/wp-json\/wp\/v2\/posts"}],"about":[{"href":"https:\/\/www.cordobatimes.com\/showup\/wp-json\/wp\/v2\/types\/post"}],"author":[{"embeddable":true,"href":"https:\/\/www.cordobatimes.com\/showup\/wp-json\/wp\/v2\/users\/1"}],"replies":[{"embeddable":true,"href":"https:\/\/www.cordobatimes.com\/showup\/wp-json\/wp\/v2\/comments?post=86848"}],"version-history":[{"count":0,"href":"https:\/\/www.cordobatimes.com\/showup\/wp-json\/wp\/v2\/posts\/86848\/revisions"}],"wp:featuredmedia":[{"embeddable":true,"href":"https:\/\/www.cordobatimes.com\/showup\/wp-json\/wp\/v2\/media\/86850"}],"wp:attachment":[{"href":"https:\/\/www.cordobatimes.com\/showup\/wp-json\/wp\/v2\/media?parent=86848"}],"wp:term":[{"taxonomy":"category","embeddable":true,"href":"https:\/\/www.cordobatimes.com\/showup\/wp-json\/wp\/v2\/categories?post=86848"},{"taxonomy":"post_tag","embeddable":true,"href":"https:\/\/www.cordobatimes.com\/showup\/wp-json\/wp\/v2\/tags?post=86848"}],"curies":[{"name":"wp","href":"https:\/\/api.w.org\/{rel}","templated":true}]}}