{"id":86816,"date":"2020-05-27T11:42:50","date_gmt":"2020-05-27T14:42:50","guid":{"rendered":"https:\/\/www.cordobatimes.com\/showup\/?p=86816"},"modified":"2020-05-27T11:42:50","modified_gmt":"2020-05-27T14:42:50","slug":"nahuel-pennisi-interpreto-una-emocionante-version-de-zamba-de-mi-esperanza","status":"publish","type":"post","link":"https:\/\/www.cordobatimes.com\/showup\/musica\/2020\/05\/27\/nahuel-pennisi-interpreto-una-emocionante-version-de-zamba-de-mi-esperanza\/","title":{"rendered":"Nahuel Pennisi interpret\u00f3 una emocionante versi\u00f3n de \u00abZamba de mi esperanza\u00bb"},"content":{"rendered":"<h3><strong>El cantante interpret\u00f3 el cl\u00e1sico del cancionero argentino junto a la Orquesta Estable del Teatro Col\u00f3n y la direcci\u00f3n de Popi Spatocco.<\/strong><\/h3>\n<p>El guitarrista, cantante y compositor\u00a0Nahuel Pennisi\u00a0y la Asociaci\u00f3n de Profesores de la Orquesta Estable del Teatro Col\u00f3n estrenaron un video con una nueva interpretaci\u00f3n sinf\u00f3nica de\u00a0Zamba de mi esperanza, generada a distancia en estos tiempos del nuevo coronavirus y para celebrar musicalmente la Semana de Mayo.<\/p>\n<p>Con arreglos y direcci\u00f3n de Popi Spatocco, la nueva versi\u00f3n del cl\u00e1sico del cancionero folcl\u00f3rico argentino que interpretan m\u00e1s de 60 m\u00fasicos y est\u00e1 disponible en YouTube procura difundir un mensaje de esperanza con el lema \u00abnuestra fuerza es la esperanza\u00bb.<\/p>\n<p>La iniciativa solidaria que se construye con la voz de Pennisi y bajo la producci\u00f3n de Luis Sava y Fabio Mazzitelli, para la Asociaci\u00f3n de Profesores de la Orquesta, y Spatocco, recrea la obra que el mendocino Luis Profili escribi\u00f3 en la d\u00e9cada del 50 y se registr\u00f3 en 1964 bajo el seud\u00f3nimo de Luis H. Morales.<\/p>\n<p><iframe loading=\"lazy\" width=\"560\" height=\"315\" src=\"https:\/\/www.youtube.com\/embed\/GDZZo1uj10Q\" frameborder=\"0\" allow=\"accelerometer; autoplay; encrypted-media; gyroscope; picture-in-picture\" allowfullscreen><\/iframe><\/p>\n","protected":false},"excerpt":{"rendered":"<p>El cantante interpret\u00f3 el cl\u00e1sico del cancionero argentino junto a la Orquesta Estable del Teatro Col\u00f3n y la direcci\u00f3n de Popi Spatocco. El guitarrista, cantante y compositor\u00a0Nahuel Pennisi\u00a0y la Asociaci\u00f3n de Profesores de la Orquesta Estable del Teatro Col\u00f3n estrenaron un video con una nueva interpretaci\u00f3n sinf\u00f3nica de\u00a0Zamba de mi esperanza, generada a distancia en [&hellip;]<\/p>\n","protected":false},"author":1,"featured_media":86817,"comment_status":"closed","ping_status":"closed","sticky":false,"template":"","format":"standard","meta":{"_seopress_robots_primary_cat":"","_seopress_titles_title":"","_seopress_titles_desc":"","_seopress_robots_index":"","footnotes":""},"categories":[5],"tags":[31709],"class_list":{"0":"post-86816","1":"post","2":"type-post","3":"status-publish","4":"format-standard","5":"has-post-thumbnail","7":"category-musica","8":"tag-nahuel-pennisi-zamba-de-mi-esperanza"},"_links":{"self":[{"href":"https:\/\/www.cordobatimes.com\/showup\/wp-json\/wp\/v2\/posts\/86816","targetHints":{"allow":["GET"]}}],"collection":[{"href":"https:\/\/www.cordobatimes.com\/showup\/wp-json\/wp\/v2\/posts"}],"about":[{"href":"https:\/\/www.cordobatimes.com\/showup\/wp-json\/wp\/v2\/types\/post"}],"author":[{"embeddable":true,"href":"https:\/\/www.cordobatimes.com\/showup\/wp-json\/wp\/v2\/users\/1"}],"replies":[{"embeddable":true,"href":"https:\/\/www.cordobatimes.com\/showup\/wp-json\/wp\/v2\/comments?post=86816"}],"version-history":[{"count":0,"href":"https:\/\/www.cordobatimes.com\/showup\/wp-json\/wp\/v2\/posts\/86816\/revisions"}],"wp:featuredmedia":[{"embeddable":true,"href":"https:\/\/www.cordobatimes.com\/showup\/wp-json\/wp\/v2\/media\/86817"}],"wp:attachment":[{"href":"https:\/\/www.cordobatimes.com\/showup\/wp-json\/wp\/v2\/media?parent=86816"}],"wp:term":[{"taxonomy":"category","embeddable":true,"href":"https:\/\/www.cordobatimes.com\/showup\/wp-json\/wp\/v2\/categories?post=86816"},{"taxonomy":"post_tag","embeddable":true,"href":"https:\/\/www.cordobatimes.com\/showup\/wp-json\/wp\/v2\/tags?post=86816"}],"curies":[{"name":"wp","href":"https:\/\/api.w.org\/{rel}","templated":true}]}}