{"id":8674,"date":"2014-01-11T13:34:39","date_gmt":"2014-01-11T16:34:39","guid":{"rendered":"http:\/\/cordobatimes.com\/showup\/?p=8674"},"modified":"2019-12-07T09:50:39","modified_gmt":"2019-12-07T12:50:39","slug":"los-nocheros-abrieron-el-festival-de-jesus-maria","status":"publish","type":"post","link":"https:\/\/www.cordobatimes.com\/showup\/musica\/2014\/01\/11\/los-nocheros-abrieron-el-festival-de-jesus-maria\/","title":{"rendered":"Los Nocheros abrieron el Festival de Jes\u00fas Mar\u00eda"},"content":{"rendered":"<h3 style=\"text-align: justify;\"><strong>El conjunto salte\u00f1o fue el encargado de comenzar uno de los festivales m\u00e1s importantes del pa\u00eds: La 49\u00b0 Edici\u00f3n del Festival de Doma y Folklore.<\/strong><\/h3>\n<p style=\"text-align: justify;\">En la primera jornada, a partir de las 22 y con televisaci\u00f3n en directo por la Tv P\u00fablica, actuaron en el escenario \u00abMart\u00edn Fierro\u00bb: \u00a0Carlos S\u00e1nchez, Alma de Luna, Jessica Benavides y Juli\u00e1n Burgos, entre otros.<\/p>\n<p style=\"text-align: justify;\">Mientras que en el campo de la jineteada \u00a0hab\u00edan tres categor\u00edas para mostrar la destreza criolla: Crina limpia o potro pelado; grupa sure\u00f1a o cuero y bastos con encimera sin boleadoras.<\/p>\n<p style=\"text-align: justify;\">Tropillas entabladas, desfile de emprendados, desfile \u00abLa Uni\u00f3n de los pueblos\u00bb, juegos gauchos y rastrin, exhibici\u00f3n de Pato (Gendarmer\u00eda Nacional), fueron otros de los espect\u00e1culos que se disfrutaron en el campo de la doma.<\/p>\n<p style=\"text-align: justify;\">\u00a0Te dejamos la programaci\u00f3n para hoy.<\/p>\n<p style=\"text-align: justify;\">S\u00e1bado 11: Nacho y Daniel, Los Huayras, Por Siempre Tucu (Roberto P\u00e9rez-Coco Martos), Los de Alberdi, Silvia Lallana, Los de Cabrera, Grupo Im\u00e1n, Claudio Acosta, 4&#215;4, Pastor Luna y Flaco Pe\u00f1a.<\/p>\n<p><iframe loading=\"lazy\" width=\"560\" height=\"315\" src=\"https:\/\/www.youtube.com\/embed\/t0eLrjSlwSg\" frameborder=\"0\" allow=\"accelerometer; autoplay; encrypted-media; gyroscope; picture-in-picture\" allowfullscreen><\/iframe><\/p>\n","protected":false},"excerpt":{"rendered":"<p>El conjunto salte\u00f1o fue el encargado de comenzar uno de los festivales m\u00e1s importantes del pa\u00eds: La 49\u00b0 Edici\u00f3n del Festival de Doma y Folklore. En la primera jornada, a partir de las 22 y con televisaci\u00f3n en directo por la Tv P\u00fablica, actuaron en el escenario \u00abMart\u00edn Fierro\u00bb: \u00a0Carlos S\u00e1nchez, Alma de Luna, Jessica [&hellip;]<\/p>\n","protected":false},"author":9,"featured_media":8715,"comment_status":"closed","ping_status":"closed","sticky":false,"template":"","format":"standard","meta":{"_seopress_robots_primary_cat":"","_seopress_titles_title":"","_seopress_titles_desc":"","_seopress_robots_index":"","footnotes":""},"categories":[5],"tags":[26748,25554],"class_list":{"0":"post-8674","1":"post","2":"type-post","3":"status-publish","4":"format-standard","5":"has-post-thumbnail","7":"category-musica","8":"tag-los-nocheros-en-el-festival-de-jesus-maria-2014","9":"tag-los-nocheros-festival-de-jesus-maria"},"_links":{"self":[{"href":"https:\/\/www.cordobatimes.com\/showup\/wp-json\/wp\/v2\/posts\/8674","targetHints":{"allow":["GET"]}}],"collection":[{"href":"https:\/\/www.cordobatimes.com\/showup\/wp-json\/wp\/v2\/posts"}],"about":[{"href":"https:\/\/www.cordobatimes.com\/showup\/wp-json\/wp\/v2\/types\/post"}],"author":[{"embeddable":true,"href":"https:\/\/www.cordobatimes.com\/showup\/wp-json\/wp\/v2\/users\/9"}],"replies":[{"embeddable":true,"href":"https:\/\/www.cordobatimes.com\/showup\/wp-json\/wp\/v2\/comments?post=8674"}],"version-history":[{"count":0,"href":"https:\/\/www.cordobatimes.com\/showup\/wp-json\/wp\/v2\/posts\/8674\/revisions"}],"wp:featuredmedia":[{"embeddable":true,"href":"https:\/\/www.cordobatimes.com\/showup\/wp-json\/wp\/v2\/media\/8715"}],"wp:attachment":[{"href":"https:\/\/www.cordobatimes.com\/showup\/wp-json\/wp\/v2\/media?parent=8674"}],"wp:term":[{"taxonomy":"category","embeddable":true,"href":"https:\/\/www.cordobatimes.com\/showup\/wp-json\/wp\/v2\/categories?post=8674"},{"taxonomy":"post_tag","embeddable":true,"href":"https:\/\/www.cordobatimes.com\/showup\/wp-json\/wp\/v2\/tags?post=8674"}],"curies":[{"name":"wp","href":"https:\/\/api.w.org\/{rel}","templated":true}]}}