{"id":86471,"date":"2020-05-22T11:53:12","date_gmt":"2020-05-22T14:53:12","guid":{"rendered":"https:\/\/www.cordobatimes.com\/showup\/?p=86471"},"modified":"2020-05-22T11:53:12","modified_gmt":"2020-05-22T14:53:12","slug":"sebastian-yatra-y-morat-estrenaron-bajo-la-mesa","status":"publish","type":"post","link":"https:\/\/www.cordobatimes.com\/showup\/musica\/2020\/05\/22\/sebastian-yatra-y-morat-estrenaron-bajo-la-mesa\/","title":{"rendered":"Sebasti\u00e1n Yatra y Morat estrenaron \u201cBajo la mesa\u201d"},"content":{"rendered":"<h3><strong>El videoclip es una animaci\u00f3n, codirigida por Sim\u00f3n y Mart\u00edn (Morat), quienes proponen una historia de amor que ocurre en una galer\u00eda de arte.<\/strong><\/h3>\n<p>Desde hace un tiempo los fans vienen pidiendo una de las colaboraciones m\u00e1s esperadas, la de\u00a0Morat\u00a0y\u00a0Sebasti\u00e1n Yatra. Ahora este deseo se vuelve realidad, y estos artistas colombianos se unen con este personal\u00edsimo tema llamado \u201cBajo la mesa\u201d.<\/p>\n<p>La pieza ha sido producida por Juan Pablo Isaza (Morat) y los productores Mauricio Rengifo y Andr\u00e9s Torres. El videoclip es una animaci\u00f3n, codirigida por Sim\u00f3n y Mart\u00edn (Morat), quienes proponen una historia de amor que ocurre en una galer\u00eda de arte.<\/p>\n<p>Sebasti\u00e1n Yatra y Morat\u00a0confiesan que han mantenido m\u00e1s contacto durante esta cuarentena que nos est\u00e1 tocando vivir, en parte porque las agendas de ambos lados han estado imposibles durante un periodo largo de tiempo. Hace m\u00e1s de seis a\u00f1os que se conocen y est\u00e1n muy agradecidos de que sus caminos se hayan cruzado en muchos momentos para desembocar en este \u201cBajo la mesa\u201d que se les ha unido para siempre. Han compartido escenario de forma rec\u00edproca en algunas ocasiones y se consideran un ejemplo a seguir en ambas direcciones.<\/p>\n<p>La producci\u00f3n de \u201cBajo la mesa\u201d se ha desarrollado de un modo distinto a lo que la banda y los productores\u00a0Andr\u00e9s y Mauricio\u00a0suelen hacer. En esta ocasi\u00f3n se han marcado m\u00e1s las guitarras sin perder el sonido real de Morat, y la entrada de\u00a0Yatra\u00a0en el tema hizo que tuvieran que poner todos los instrumentos m\u00e1s definidos otorg\u00e1ndole un core al m\u00e1s puro estilo vallenato y manteniendo una cohesi\u00f3n. Toda una experiencia.<\/p>\n<p>Nadie esperaba que este videoclip tuviera que realizaren durante una pandemia, as\u00ed que era el momento de hacer algo diferente, era el momento de jugar con la animaci\u00f3n. Era el momento de introducirse en este mundo fant\u00e1stico y se aprovech\u00f3 la letra de la canci\u00f3n para entrar en su magia y contar una historia. Cada uno de los componentes eligi\u00f3 el estilo pict\u00f3rico que m\u00e1s les gusta para viajar a trav\u00e9s de ellos, y a juzgar por el resultado la animaci\u00f3n ha sido no solo una soluci\u00f3n, tambi\u00e9n una ventaja.<\/p>\n<p><iframe loading=\"lazy\" width=\"560\" height=\"315\" src=\"https:\/\/www.youtube.com\/embed\/hVR5KK2T8zQ\" frameborder=\"0\" allow=\"accelerometer; autoplay; encrypted-media; gyroscope; picture-in-picture\" allowfullscreen><\/iframe><\/p>\n","protected":false},"excerpt":{"rendered":"<p>El videoclip es una animaci\u00f3n, codirigida por Sim\u00f3n y Mart\u00edn (Morat), quienes proponen una historia de amor que ocurre en una galer\u00eda de arte. Desde hace un tiempo los fans vienen pidiendo una de las colaboraciones m\u00e1s esperadas, la de\u00a0Morat\u00a0y\u00a0Sebasti\u00e1n Yatra. Ahora este deseo se vuelve realidad, y estos artistas colombianos se unen con este [&hellip;]<\/p>\n","protected":false},"author":1,"featured_media":86472,"comment_status":"closed","ping_status":"closed","sticky":false,"template":"","format":"standard","meta":{"_seopress_robots_primary_cat":"","_seopress_titles_title":"","_seopress_titles_desc":"","_seopress_robots_index":"","footnotes":""},"categories":[5],"tags":[31621,31622],"class_list":{"0":"post-86471","1":"post","2":"type-post","3":"status-publish","4":"format-standard","5":"has-post-thumbnail","7":"category-musica","8":"tag-sebastian-yatra-y-morat","9":"tag-sebastian-yatra-y-morat-bajo-la-mesa"},"_links":{"self":[{"href":"https:\/\/www.cordobatimes.com\/showup\/wp-json\/wp\/v2\/posts\/86471","targetHints":{"allow":["GET"]}}],"collection":[{"href":"https:\/\/www.cordobatimes.com\/showup\/wp-json\/wp\/v2\/posts"}],"about":[{"href":"https:\/\/www.cordobatimes.com\/showup\/wp-json\/wp\/v2\/types\/post"}],"author":[{"embeddable":true,"href":"https:\/\/www.cordobatimes.com\/showup\/wp-json\/wp\/v2\/users\/1"}],"replies":[{"embeddable":true,"href":"https:\/\/www.cordobatimes.com\/showup\/wp-json\/wp\/v2\/comments?post=86471"}],"version-history":[{"count":0,"href":"https:\/\/www.cordobatimes.com\/showup\/wp-json\/wp\/v2\/posts\/86471\/revisions"}],"wp:featuredmedia":[{"embeddable":true,"href":"https:\/\/www.cordobatimes.com\/showup\/wp-json\/wp\/v2\/media\/86472"}],"wp:attachment":[{"href":"https:\/\/www.cordobatimes.com\/showup\/wp-json\/wp\/v2\/media?parent=86471"}],"wp:term":[{"taxonomy":"category","embeddable":true,"href":"https:\/\/www.cordobatimes.com\/showup\/wp-json\/wp\/v2\/categories?post=86471"},{"taxonomy":"post_tag","embeddable":true,"href":"https:\/\/www.cordobatimes.com\/showup\/wp-json\/wp\/v2\/tags?post=86471"}],"curies":[{"name":"wp","href":"https:\/\/api.w.org\/{rel}","templated":true}]}}