{"id":86468,"date":"2020-05-22T10:34:16","date_gmt":"2020-05-22T13:34:16","guid":{"rendered":"https:\/\/www.cordobatimes.com\/showup\/?p=86468"},"modified":"2020-05-22T10:34:16","modified_gmt":"2020-05-22T13:34:16","slug":"netflix-confirmo-la-fecha-de-estreno-de-la-segunda-temporada-de-luis-miguel-la-serie","status":"publish","type":"post","link":"https:\/\/www.cordobatimes.com\/showup\/cine-y-series\/2020\/05\/22\/netflix-confirmo-la-fecha-de-estreno-de-la-segunda-temporada-de-luis-miguel-la-serie\/","title":{"rendered":"Netflix confirm\u00f3 la fecha de estreno de la segunda temporada de Luis Miguel la serie"},"content":{"rendered":"<h3><strong>Diego Boneta anunci\u00f3 para cu\u00e1ndo estar\u00e1 lista la segunda temporada.<\/strong><\/h3>\n<p>Netflix y Diego Boneta dieron dos noticias muy importantes en sus respectivas cuentas de Tik Tok. La primera fue que en esta cuarentena el actor aprendi\u00f3 a hacer pan. Pero la segunda, y la m\u00e1s importante, es que la segunda temporada de la serie \u201cLuis Miguel\u201d, se estrenar\u00e1 hasta el pr\u00f3ximo a\u00f1o.<\/p>\n<p>En el v\u00eddeo, el tambi\u00e9n cantante, aparece dentro de una cocina, pero bien vestido con una camisa, unos pantalones, unos aud\u00edfonos y un colador en lo que describe como el d\u00eda uno de la cuarentena. Con la ayuda del colador, el cantante interpreta \u201cC\u00f3mo es posible que a mi lado\u201d. Despu\u00e9s hay un cambio y Boneta, en su personaje de Luis Miguel, toma un vaso de leche y dice: \u201cNo, \u00bfsabes qu\u00e9? Dame una m\u00e1s\u201d.<\/p>\n<p>Mientras que limpia la pantalla, se ve que cambia al \u201cD\u00eda 573 en cuarentena\u201d, y ya est\u00e1 manchado de ingredientes, con un perejil en su oreja y con un mandil. Atr\u00e1s qued\u00f3 la etiqueta de la cuarentena, pues Boneta luc\u00eda una camiseta y unos shorts, y estaba cantando con un exprimidor de limones. En ese momento cambi\u00f3 su improvisado micr\u00f3fono por un cartel que dec\u00eda: \u201cLuis Miguel T2 2021\u201d.<\/p>\n<blockquote class=\"instagram-media\" style=\"background: #FFF; border: 0; border-radius: 3px; box-shadow: 0 0 1px 0 rgba(0,0,0,0.5),0 1px 10px 0 rgba(0,0,0,0.15); margin: 1px; max-width: 540px; min-width: 326px; padding: 0; width: calc(100% - 2px);\" data-instgrm-captioned=\"\" data-instgrm-permalink=\"https:\/\/www.instagram.com\/p\/CAeO8m0BH9s\/?utm_source=ig_embed&amp;utm_campaign=loading\" data-instgrm-version=\"12\">\n<div style=\"padding: 16px;\">\n<p>&nbsp;<\/p>\n<div style=\"display: flex; flex-direction: row; align-items: center;\">\n<div style=\"background-color: #f4f4f4; border-radius: 50%; flex-grow: 0; height: 40px; margin-right: 14px; width: 40px;\"><\/div>\n<div style=\"display: flex; flex-direction: column; flex-grow: 1; justify-content: center;\">\n<div style=\"background-color: #f4f4f4; border-radius: 4px; flex-grow: 0; height: 14px; margin-bottom: 6px; width: 100px;\"><\/div>\n<div style=\"background-color: #f4f4f4; border-radius: 4px; flex-grow: 0; height: 14px; width: 60px;\"><\/div>\n<\/div>\n<\/div>\n<div style=\"padding: 19% 0;\"><\/div>\n<div style=\"display: block; height: 50px; margin: 0 auto 12px; width: 50px;\"><\/div>\n<div style=\"padding-top: 8px;\">\n<div style=\"color: #3897f0; font-family: Arial,sans-serif; font-size: 14px; font-style: normal; font-weight: 550; line-height: 18px;\">Ver esta publicaci\u00f3n en Instagram<\/div>\n<\/div>\n<div style=\"padding: 12.5% 0;\"><\/div>\n<div style=\"display: flex; flex-direction: row; margin-bottom: 14px; align-items: center;\">\n<div>\n<div style=\"background-color: #f4f4f4; border-radius: 50%; height: 12.5px; width: 12.5px; transform: translateX(0px) translateY(7px);\"><\/div>\n<div style=\"background-color: #f4f4f4; height: 12.5px; transform: rotate(-45deg) translateX(3px) translateY(1px); width: 12.5px; flex-grow: 0; margin-right: 14px; margin-left: 2px;\"><\/div>\n<div style=\"background-color: #f4f4f4; border-radius: 50%; height: 12.5px; width: 12.5px; transform: translateX(9px) translateY(-18px);\"><\/div>\n<\/div>\n<div style=\"margin-left: 8px;\">\n<div style=\"background-color: #f4f4f4; border-radius: 50%; flex-grow: 0; height: 20px; width: 20px;\"><\/div>\n<div style=\"width: 0; height: 0; border-top: 2px solid transparent; border-left: 6px solid #f4f4f4; border-bottom: 2px solid transparent; transform: translateX(16px) translateY(-4px) rotate(30deg);\"><\/div>\n<\/div>\n<div style=\"margin-left: auto;\">\n<div style=\"width: 0px; border-top: 8px solid #F4F4F4; border-right: 8px solid transparent; transform: translateY(16px);\"><\/div>\n<div style=\"background-color: #f4f4f4; flex-grow: 0; height: 12px; width: 16px; transform: translateY(-4px);\"><\/div>\n<div style=\"width: 0; height: 0; border-top: 8px solid #F4F4F4; border-left: 8px solid transparent; transform: translateY(-4px) translateX(8px);\"><\/div>\n<\/div>\n<\/div>\n<p>&nbsp;<\/p>\n<p style=\"margin: 8px 0 0 0; padding: 0 4px;\"><a style=\"color: #000; font-family: Arial,sans-serif; font-size: 14px; font-style: normal; font-weight: normal; line-height: 17px; text-decoration: none; word-wrap: break-word;\" href=\"https:\/\/www.instagram.com\/p\/CAeO8m0BH9s\/?utm_source=ig_embed&amp;utm_campaign=loading\" target=\"_blank\" rel=\"noopener noreferrer\">Ya vieron mi \u00faltimo Tik Tok? Hagan sus versiones que estar\u00e9 echando un ojo y compartiendo los m\u00e1s originales!! #luismiguellaserie<\/a><\/p>\n<p style=\"color: #c9c8cd; font-family: Arial,sans-serif; font-size: 14px; line-height: 17px; margin-bottom: 0; margin-top: 8px; overflow: hidden; padding: 8px 0 7px; text-align: center; text-overflow: ellipsis; white-space: nowrap;\">Una publicaci\u00f3n compartida de <a style=\"color: #c9c8cd; font-family: Arial,sans-serif; font-size: 14px; font-style: normal; font-weight: normal; line-height: 17px;\" href=\"https:\/\/www.instagram.com\/diego\/?utm_source=ig_embed&amp;utm_campaign=loading\" target=\"_blank\" rel=\"noopener noreferrer\"> Diego Boneta<\/a> (@diego) el <time style=\"font-family: Arial,sans-serif; font-size: 14px; line-height: 17px;\" datetime=\"2020-05-22T01:54:45+00:00\">21 May, 2020 a las 6:54 PDT<\/time><\/p>\n<\/div>\n<\/blockquote>\n<p><script async src=\"\/\/www.instagram.com\/embed.js\"><\/script><\/p>\n<p>Apenas en enero fue cuando se anunci\u00f3 que el rodaje de la nueva temporada comenzar\u00eda en febrero en la Ciudad de M\u00e9xico.<\/p>\n<p>Netflix inform\u00f3 en un comunicado que Diego Boneta volver\u00eda para interpretar al cantante, terminando as\u00ed con las especulaciones que rodearon al actor meses atr\u00e1s, pues se dijo que el papel de \u201cEl Sol\u00bb estar\u00eda ahora en manos de Fernando Colunga.<\/p>\n<p>\u201cTras el gran \u00e9xito de la serie, esta nueva temporada estar\u00e1 disponible en Netflix a nivel mundial a partir del 2020. Diego Boneta regresar\u00e1 al ic\u00f3nico rol de Luis Miguel, en esta ocasi\u00f3n interpretando al cantante en dos l\u00edneas de tiempo diferentes\u201d, indic\u00f3 Rodrigo Maz\u00f3n, Vicepresidente de Adquisici\u00f3n de Contenido para Am\u00e9rica Latina y Espa\u00f1a de Netflix.<\/p>\n","protected":false},"excerpt":{"rendered":"<p>Diego Boneta anunci\u00f3 para cu\u00e1ndo estar\u00e1 lista la segunda temporada. Netflix y Diego Boneta dieron dos noticias muy importantes en sus respectivas cuentas de Tik Tok. La primera fue que en esta cuarentena el actor aprendi\u00f3 a hacer pan. Pero la segunda, y la m\u00e1s importante, es que la segunda temporada de la serie \u201cLuis [&hellip;]<\/p>\n","protected":false},"author":1,"featured_media":86469,"comment_status":"closed","ping_status":"closed","sticky":false,"template":"","format":"standard","meta":{"_seopress_robots_primary_cat":"","_seopress_titles_title":"","_seopress_titles_desc":"","_seopress_robots_index":"","footnotes":""},"categories":[3],"tags":[31620,27869],"class_list":{"0":"post-86468","1":"post","2":"type-post","3":"status-publish","4":"format-standard","5":"has-post-thumbnail","7":"category-cine-y-series","8":"tag-fecha-de-estreno-de-la-segunda-temporada-de-luis-miguel-la-serie","9":"tag-segunda-temporada-de-luis-miguel-la-serie"},"_links":{"self":[{"href":"https:\/\/www.cordobatimes.com\/showup\/wp-json\/wp\/v2\/posts\/86468","targetHints":{"allow":["GET"]}}],"collection":[{"href":"https:\/\/www.cordobatimes.com\/showup\/wp-json\/wp\/v2\/posts"}],"about":[{"href":"https:\/\/www.cordobatimes.com\/showup\/wp-json\/wp\/v2\/types\/post"}],"author":[{"embeddable":true,"href":"https:\/\/www.cordobatimes.com\/showup\/wp-json\/wp\/v2\/users\/1"}],"replies":[{"embeddable":true,"href":"https:\/\/www.cordobatimes.com\/showup\/wp-json\/wp\/v2\/comments?post=86468"}],"version-history":[{"count":0,"href":"https:\/\/www.cordobatimes.com\/showup\/wp-json\/wp\/v2\/posts\/86468\/revisions"}],"wp:featuredmedia":[{"embeddable":true,"href":"https:\/\/www.cordobatimes.com\/showup\/wp-json\/wp\/v2\/media\/86469"}],"wp:attachment":[{"href":"https:\/\/www.cordobatimes.com\/showup\/wp-json\/wp\/v2\/media?parent=86468"}],"wp:term":[{"taxonomy":"category","embeddable":true,"href":"https:\/\/www.cordobatimes.com\/showup\/wp-json\/wp\/v2\/categories?post=86468"},{"taxonomy":"post_tag","embeddable":true,"href":"https:\/\/www.cordobatimes.com\/showup\/wp-json\/wp\/v2\/tags?post=86468"}],"curies":[{"name":"wp","href":"https:\/\/api.w.org\/{rel}","templated":true}]}}