{"id":86465,"date":"2020-05-22T09:30:11","date_gmt":"2020-05-22T12:30:11","guid":{"rendered":"https:\/\/www.cordobatimes.com\/showup\/?p=86465"},"modified":"2020-05-22T16:11:56","modified_gmt":"2020-05-22T19:11:56","slug":"lali-esposito-estreno-su-nueva-cancion-lo-que-tengo-yo","status":"publish","type":"post","link":"https:\/\/www.cordobatimes.com\/showup\/musica\/2020\/05\/22\/lali-esposito-estreno-su-nueva-cancion-lo-que-tengo-yo\/","title":{"rendered":"Lali Esp\u00f3sito estren\u00f3 su nueva canci\u00f3n  \u201cLo que tengo yo\u201d"},"content":{"rendered":"<h3><strong>El nuevo single de Lali Esp\u00f3sito, que vio la luz en plena cuarentena.<\/strong><\/h3>\n<p>Lo que tengo yo,\u00a0filmado en su casa con un Iphone\u00a0y dirigido por\u00a0Guido Adler,\u00a0Lautaro Esp\u00f3sito\u00a0y la propia Lali, se propone ser\u00a0\u201cun video que hacemos todos desde nuestras casas, sin la presi\u00f3n de los cuerpos heg\u00e9m\u00f3nicos\u201d.<\/p>\n<p>Acerca de su nuevo single, anticipo de su nuevo disco de estudio que ser\u00e1 lanzado en el segundo semestre del 2020, y en el que trabaj\u00f3 junto a sus amigos\u00a0Mau y Ricky,\u00a0Camilo\u00a0y\u00a0Tainy, Lali explica:\u00a0\u201cEsta canci\u00f3n\u00a0nace de las ganas de compartir m\u00fasica para divertirnos y movernos en casa, dentro de esta situaci\u00f3n tan extra\u00f1a para todos. Es mi manera de compartirles mi m\u00fasica en esta nueva era y es una muestra del sonido que viene en mi proyecto\u201d.<\/p>\n<p>Tal como anuncia la cantante pop, el video es\u00a0\u201cuna invitaci\u00f3n a bailar conmigo\u00a0y a seguir conectados por las redes que tanta compa\u00f1\u00eda nos est\u00e1n haciendo a todos\u201d. Acerca de la esencia de su nuevo single, sentencia:\u00a0\u201cEs la afirmaci\u00f3n, para m\u00ed, de que todos somos especiales desde nuestra individualidad\u201d.<\/p>\n<p>\u201cEs una canci\u00f3n libre y despojada y eso quiero contagiarles\u201d, dijo la artista, que super\u00f3 los 25 millones de reproducciones con el \u00e9xito de\u00a0Como as\u00ed, junto a\u00a0CNCO.<\/p>\n<p>En el v\u00eddeo de Lo que tengo yo, Lali cont\u00f3 con la participaci\u00f3n de amigos, bailarines de Argentina, Brasil, Israel y otros puntos, bailando y divirti\u00e9ndose desde sus casas, con las cosas que ten\u00edan a mano.<\/p>\n<p><iframe loading=\"lazy\" src=\"https:\/\/www.youtube.com\/embed\/os_karijaQU\" width=\"560\" height=\"315\" frameborder=\"0\" allowfullscreen=\"allowfullscreen\"><\/iframe><\/p>\n","protected":false},"excerpt":{"rendered":"<p>El nuevo single de Lali Esp\u00f3sito, que vio la luz en plena cuarentena. Lo que tengo yo,\u00a0filmado en su casa con un Iphone\u00a0y dirigido por\u00a0Guido Adler,\u00a0Lautaro Esp\u00f3sito\u00a0y la propia Lali, se propone ser\u00a0\u201cun video que hacemos todos desde nuestras casas, sin la presi\u00f3n de los cuerpos heg\u00e9m\u00f3nicos\u201d. Acerca de su nuevo single, anticipo de su [&hellip;]<\/p>\n","protected":false},"author":1,"featured_media":86466,"comment_status":"closed","ping_status":"closed","sticky":false,"template":"","format":"standard","meta":{"_seopress_robots_primary_cat":"","_seopress_titles_title":"","_seopress_titles_desc":"","_seopress_robots_index":"","footnotes":""},"categories":[5],"tags":[31619],"class_list":{"0":"post-86465","1":"post","2":"type-post","3":"status-publish","4":"format-standard","5":"has-post-thumbnail","7":"category-musica","8":"tag-lali-esposito-lo-que-tengo-yo"},"_links":{"self":[{"href":"https:\/\/www.cordobatimes.com\/showup\/wp-json\/wp\/v2\/posts\/86465","targetHints":{"allow":["GET"]}}],"collection":[{"href":"https:\/\/www.cordobatimes.com\/showup\/wp-json\/wp\/v2\/posts"}],"about":[{"href":"https:\/\/www.cordobatimes.com\/showup\/wp-json\/wp\/v2\/types\/post"}],"author":[{"embeddable":true,"href":"https:\/\/www.cordobatimes.com\/showup\/wp-json\/wp\/v2\/users\/1"}],"replies":[{"embeddable":true,"href":"https:\/\/www.cordobatimes.com\/showup\/wp-json\/wp\/v2\/comments?post=86465"}],"version-history":[{"count":0,"href":"https:\/\/www.cordobatimes.com\/showup\/wp-json\/wp\/v2\/posts\/86465\/revisions"}],"wp:featuredmedia":[{"embeddable":true,"href":"https:\/\/www.cordobatimes.com\/showup\/wp-json\/wp\/v2\/media\/86466"}],"wp:attachment":[{"href":"https:\/\/www.cordobatimes.com\/showup\/wp-json\/wp\/v2\/media?parent=86465"}],"wp:term":[{"taxonomy":"category","embeddable":true,"href":"https:\/\/www.cordobatimes.com\/showup\/wp-json\/wp\/v2\/categories?post=86465"},{"taxonomy":"post_tag","embeddable":true,"href":"https:\/\/www.cordobatimes.com\/showup\/wp-json\/wp\/v2\/tags?post=86465"}],"curies":[{"name":"wp","href":"https:\/\/api.w.org\/{rel}","templated":true}]}}