{"id":86271,"date":"2020-05-20T16:15:02","date_gmt":"2020-05-20T19:15:02","guid":{"rendered":"https:\/\/www.cordobatimes.com\/showup\/?p=86271"},"modified":"2020-05-20T16:15:02","modified_gmt":"2020-05-20T19:15:02","slug":"trailer-oficial-de-13-reasons-why-temporada-4-estas-listo-para-revelar-esos-secretos","status":"publish","type":"post","link":"https:\/\/www.cordobatimes.com\/showup\/cine-y-series\/2020\/05\/20\/trailer-oficial-de-13-reasons-why-temporada-4-estas-listo-para-revelar-esos-secretos\/","title":{"rendered":"Tr\u00e1iler oficial de \u00ab13 Reasons Why\u00bb, temporada 4: \u00bfEst\u00e1s listo para revelar esos secretos?"},"content":{"rendered":"<h3><strong>Netflix estren\u00f3 el tr\u00e1iler\u00a0oficial de la cuarta temporada de\u00a0<em>13 Reasons Why<\/em>. Tras revelar recientemente su\u00a0fecha de estreno, la plataforma de v\u00eddeo en streaming ofrece ahora el primer adelanto de los episodios que llegar\u00e1n en apenas unos d\u00edas.<\/strong><\/h3>\n<p>Ser\u00e1 esta\u00a0<strong>la \u00faltima vez que veamos a Clay Jensen (Dylan Minnete) y compa\u00f1\u00eda<\/strong>. La nueva tanda de cap\u00edtulos, un a\u00f1o despu\u00e9s de la anterior, pondr\u00e1 punto y final a los acontecimientos del instituto Liberty High.<\/p>\n<h2>Secretos al descubierto<\/h2>\n<p>La tercera temporada dejaba un\u00a0buen n\u00famero de inc\u00f3gnitas por despejar, dejando as\u00ed el campo bien plantado para una cuarta que, como toda \u00faltima entrega,\u00a0<strong>tiene el dif\u00edcil deber de ofrecer un final satisfactorio al espectador<\/strong>. Esto se traduce en dar certeza a los puntos oscuros que hasta el momento se desconocen.<\/p>\n<p>As\u00ed, y queda claro desde el primer momento en el tr\u00e1iler,\u00a0<strong>Monty (Timothy Granaderos) continuar\u00e1 presente en el\u00a0<\/strong><b>instituto<\/b>. Que fue acusado de manera injusta del asesinato de Bryce (Justin Prentice) era algo que ya sab\u00edamos, pero \u00bfqu\u00e9 pasar\u00e1 ahora con los encubridores? Lo que parec\u00eda un secreto, como viene siendo costumbre en el citado instituto, para nada lo es. Ser\u00e1 uno de los varios problemas que recorrer\u00e1n la trama de esta temporada que, como apunta Clay, llegar\u00e1n en plural.<\/p>\n<div id=\"hybs-mslot-3032-6\" class=\"hybs-mslot\"><\/div>\n<p class=\"videoWrapper\"><iframe loading=\"lazy\" src=\"https:\/\/www.youtube.com\/embed\/8L9tdrYBOHY\" width=\"560\" height=\"315\" frameborder=\"0\" allowfullscreen=\"allowfullscreen\" data-mce-fragment=\"1\"><\/iframe><\/p>\n<p>Volver\u00e1n a visitarle los fantasmas tambi\u00e9n a Tyler (Devin Druid), algo que ya adivin\u00e1bamos tras el \u00faltimo final de temporada de\u00a0<em>13 Reasons Why<\/em>. Entonces se mostraba una imagen de un\u00a0<strong>pescador rescatando del r\u00edo las armas que protagonizaron el t\u00e9rmino de la segunda entrega<\/strong>, cuando el alumno se dirig\u00eda a cometer una masacre en el instituto. Su personal pesadilla, en la que est\u00e1n implicados de manera m\u00e1s o menos directa todos los protagonistas, pero especialmente Clay y Tony (Christian Navarro), volver\u00e1 a hacer acto de presencia.<\/p>\n<p>De igual modo, Ani (Samantha Logan), Jessica (Alisha Boe), Zach (Ross Butler), Alex (Miles Heizer), Winston (Deaken Bluman) y, por supuesto, Justin (Brandon Flynn), tambi\u00e9n tendr\u00e1n mucho que decir.<\/p>\n<p>Lejos de Hannah Baker (Katherine Langford), pero cerca al mismo tiempo,\u00a0<em>13 Reasons Why<\/em>\u00a0ha ido desarrollando una trama que concluir\u00e1, todav\u00eda desconocemos si con final feliz o no, el pr\u00f3ximo d\u00eda 5 junio.<\/p>\n","protected":false},"excerpt":{"rendered":"<p>Netflix estren\u00f3 el tr\u00e1iler\u00a0oficial de la cuarta temporada de\u00a013 Reasons Why. Tras revelar recientemente su\u00a0fecha de estreno, la plataforma de v\u00eddeo en streaming ofrece ahora el primer adelanto de los episodios que llegar\u00e1n en apenas unos d\u00edas. Ser\u00e1 esta\u00a0la \u00faltima vez que veamos a Clay Jensen (Dylan Minnete) y compa\u00f1\u00eda. La nueva tanda de cap\u00edtulos, [&hellip;]<\/p>\n","protected":false},"author":1,"featured_media":86272,"comment_status":"closed","ping_status":"closed","sticky":false,"template":"","format":"standard","meta":{"_seopress_robots_primary_cat":"","_seopress_titles_title":"","_seopress_titles_desc":"","_seopress_robots_index":"","footnotes":""},"categories":[3],"tags":[31584],"class_list":{"0":"post-86271","1":"post","2":"type-post","3":"status-publish","4":"format-standard","5":"has-post-thumbnail","7":"category-cine-y-series","8":"tag-trailer-oficial-4ta-temporada-13-reason-why"},"_links":{"self":[{"href":"https:\/\/www.cordobatimes.com\/showup\/wp-json\/wp\/v2\/posts\/86271","targetHints":{"allow":["GET"]}}],"collection":[{"href":"https:\/\/www.cordobatimes.com\/showup\/wp-json\/wp\/v2\/posts"}],"about":[{"href":"https:\/\/www.cordobatimes.com\/showup\/wp-json\/wp\/v2\/types\/post"}],"author":[{"embeddable":true,"href":"https:\/\/www.cordobatimes.com\/showup\/wp-json\/wp\/v2\/users\/1"}],"replies":[{"embeddable":true,"href":"https:\/\/www.cordobatimes.com\/showup\/wp-json\/wp\/v2\/comments?post=86271"}],"version-history":[{"count":0,"href":"https:\/\/www.cordobatimes.com\/showup\/wp-json\/wp\/v2\/posts\/86271\/revisions"}],"wp:featuredmedia":[{"embeddable":true,"href":"https:\/\/www.cordobatimes.com\/showup\/wp-json\/wp\/v2\/media\/86272"}],"wp:attachment":[{"href":"https:\/\/www.cordobatimes.com\/showup\/wp-json\/wp\/v2\/media?parent=86271"}],"wp:term":[{"taxonomy":"category","embeddable":true,"href":"https:\/\/www.cordobatimes.com\/showup\/wp-json\/wp\/v2\/categories?post=86271"},{"taxonomy":"post_tag","embeddable":true,"href":"https:\/\/www.cordobatimes.com\/showup\/wp-json\/wp\/v2\/tags?post=86271"}],"curies":[{"name":"wp","href":"https:\/\/api.w.org\/{rel}","templated":true}]}}