{"id":86262,"date":"2020-05-20T12:09:19","date_gmt":"2020-05-20T15:09:19","guid":{"rendered":"https:\/\/www.cordobatimes.com\/showup\/?p=86262"},"modified":"2020-05-20T12:14:37","modified_gmt":"2020-05-20T15:14:37","slug":"que-es-la-moda-sustentable-la-tendencia-que-crece-para-frenar-la-contaminacion","status":"publish","type":"post","link":"https:\/\/www.cordobatimes.com\/showup\/moda-y-estilos\/2020\/05\/20\/que-es-la-moda-sustentable-la-tendencia-que-crece-para-frenar-la-contaminacion\/","title":{"rendered":"\u00bfQu\u00e9 es la moda sustentable?: La tendencia que crece para frenar la contaminaci\u00f3n"},"content":{"rendered":"<h3><strong> Cada vez son m\u00e1s las marcas que huyen del fast fashion, aquel concepto que propone el consumo y descarte a velocidades muy aceleradas,\u00a0para reducir al m\u00e1ximo las consecuencias ambientales y sociales negativas.<\/strong><\/h3>\n<p>La moda sostenible o slow fashion son prendas en las que las materias primas son respetuosas con el medio ambiente. &#8230; Sueldos dignos: a diferencia de la mayor\u00eda de la fast fashion, la slow fashion o moda sostenible valora los recursos humanos de los que se vale como parte de su valor a\u00f1adido.<\/p>\n<p>Si hablamos del sistema de producci\u00f3n textil m\u00e1s tradicional estamos hablando tambi\u00e9n de impacto ambiental. En todo el ciclo de la prenda el medio ambiente se encuentra en riesgo, desde que comienza a ser dise\u00f1ada hasta que se descarta cuando no se usa m\u00e1s.<\/p>\n<p>Sin embargo, actualmente\u00a0comienza a ser tendencia hablar de\u00a0sustentabilidad\u00a0en la moda\u00a0cuyo objetivo es promover una conducta m\u00e1s responsable a la hora de consumir un producto, pensando en toda la cadena de valor. Hasta ahora, la mayor\u00eda de los clientes compra una prenda porque le gusta el color y le cierra el precio, y punto, no piensa en todo lo que hay detr\u00e1s de una simple remera.<\/p>\n<p>Llevar a cabo esta pr\u00e1ctica significa fomentar el cuidado del planeta en el que vivimos, y se logra haciendo un\u00a0uso eficiente de los recursos gracias a la reutilizaci\u00f3n de materiales y a la utilizaci\u00f3n de otros de bajo impacto ambiental y alta tasa de\u00a0biodegradabilidad.<\/p>\n<p>En Argentina son los peque\u00f1os emprendedores los que lideran la lucha por tener un lugar en la vidriera de la sustentabilidad ecol\u00f3gica. De todos modos, se empiezan a contagiar las marcas de vanguardia y esta\u00a0movida sustentable comienza a asomarse en los shoppings.<\/p>\n<p>\u00bfQu\u00e9 productos utilizan los dise\u00f1adores?\u00a0Descartes de materiales de uso cotidiano, de textiles industriales o de aparatos electr\u00f3nicos. Tambi\u00e9n trabajan con productos nobles como el algod\u00f3n org\u00e1nico, la lana merino o el cuero de chivo certificados, y est\u00e1n aquellos que bajo el criterio de reciclar, hacen hermosas propuestas vintage o hiper modernas.<\/p>\n<p>\u00bfQu\u00e9 ventajas tiene la moda sustentable?\u00a0La durabilidad de los productos,\u00a0 el hecho de que no genera da\u00f1os en la tierra porque carece de t\u00f3xicos y pesticidas, y suele ser cruelty free (no experimenta con animales).<\/p>\n<p><img alt=\"\" loading=\"lazy\" decoding=\"async\" class=\"alignnone wp-image-86266 size-full\" src=\"https:\/\/www.cordobatimes.com\/showup\/wp-content\/uploads\/2020\/05\/46604609_731875117175963_6138582440518684382_n.jpg_524400468.jpg\" alt=\"\" width=\"800\" height=\"1000\" srcset=\"https:\/\/www.cordobatimes.com\/showup\/wp-content\/uploads\/2020\/05\/46604609_731875117175963_6138582440518684382_n.jpg_524400468.jpg 800w, https:\/\/www.cordobatimes.com\/showup\/wp-content\/uploads\/2020\/05\/46604609_731875117175963_6138582440518684382_n.jpg_524400468-336x420.jpg 336w, https:\/\/www.cordobatimes.com\/showup\/wp-content\/uploads\/2020\/05\/46604609_731875117175963_6138582440518684382_n.jpg_524400468-768x960.jpg 768w, https:\/\/www.cordobatimes.com\/showup\/wp-content\/uploads\/2020\/05\/46604609_731875117175963_6138582440518684382_n.jpg_524400468-696x870.jpg 696w\" sizes=\"auto, (max-width: 800px) 100vw, 800px\" \/> <img alt=\"\" loading=\"lazy\" decoding=\"async\" class=\"alignnone wp-image-86267 size-full\" src=\"https:\/\/www.cordobatimes.com\/showup\/wp-content\/uploads\/2020\/05\/53425014_365579030708388_7737931544802837334_n.jpg_554607823.jpg\" alt=\"\" width=\"800\" height=\"947\" srcset=\"https:\/\/www.cordobatimes.com\/showup\/wp-content\/uploads\/2020\/05\/53425014_365579030708388_7737931544802837334_n.jpg_554607823.jpg 800w, https:\/\/www.cordobatimes.com\/showup\/wp-content\/uploads\/2020\/05\/53425014_365579030708388_7737931544802837334_n.jpg_554607823-355x420.jpg 355w, https:\/\/www.cordobatimes.com\/showup\/wp-content\/uploads\/2020\/05\/53425014_365579030708388_7737931544802837334_n.jpg_554607823-768x909.jpg 768w, https:\/\/www.cordobatimes.com\/showup\/wp-content\/uploads\/2020\/05\/53425014_365579030708388_7737931544802837334_n.jpg_554607823-696x824.jpg 696w\" sizes=\"auto, (max-width: 800px) 100vw, 800px\" \/> <img alt=\"\" loading=\"lazy\" decoding=\"async\" class=\"alignnone wp-image-86268 size-full\" src=\"https:\/\/www.cordobatimes.com\/showup\/wp-content\/uploads\/2020\/05\/56371211_1088073578046284_409034222418429122_n.jpg_524400468.jpg\" alt=\"\" width=\"800\" height=\"1000\" srcset=\"https:\/\/www.cordobatimes.com\/showup\/wp-content\/uploads\/2020\/05\/56371211_1088073578046284_409034222418429122_n.jpg_524400468.jpg 800w, https:\/\/www.cordobatimes.com\/showup\/wp-content\/uploads\/2020\/05\/56371211_1088073578046284_409034222418429122_n.jpg_524400468-336x420.jpg 336w, https:\/\/www.cordobatimes.com\/showup\/wp-content\/uploads\/2020\/05\/56371211_1088073578046284_409034222418429122_n.jpg_524400468-768x960.jpg 768w, https:\/\/www.cordobatimes.com\/showup\/wp-content\/uploads\/2020\/05\/56371211_1088073578046284_409034222418429122_n.jpg_524400468-696x870.jpg 696w\" sizes=\"auto, (max-width: 800px) 100vw, 800px\" \/><\/p>\n<p><img alt=\"\" loading=\"lazy\" decoding=\"async\" class=\"alignnone wp-image-86265 size-full\" src=\"https:\/\/www.cordobatimes.com\/showup\/wp-content\/uploads\/2020\/05\/45555280_335289203690071_200207400898063056_n.jpg_618735027.jpg\" alt=\"\" width=\"750\" height=\"806\" srcset=\"https:\/\/www.cordobatimes.com\/showup\/wp-content\/uploads\/2020\/05\/45555280_335289203690071_200207400898063056_n.jpg_618735027.jpg 750w, https:\/\/www.cordobatimes.com\/showup\/wp-content\/uploads\/2020\/05\/45555280_335289203690071_200207400898063056_n.jpg_618735027-391x420.jpg 391w, https:\/\/www.cordobatimes.com\/showup\/wp-content\/uploads\/2020\/05\/45555280_335289203690071_200207400898063056_n.jpg_618735027-696x748.jpg 696w\" sizes=\"auto, (max-width: 750px) 100vw, 750px\" \/><\/p>\n","protected":false},"excerpt":{"rendered":"<p>Cada vez son m\u00e1s las marcas que huyen del fast fashion, aquel concepto que propone el consumo y descarte a velocidades muy aceleradas,\u00a0para reducir al m\u00e1ximo las consecuencias ambientales y sociales negativas. La moda sostenible o slow fashion son prendas en las que las materias primas son respetuosas con el medio ambiente. &#8230; Sueldos dignos: [&hellip;]<\/p>\n","protected":false},"author":1,"featured_media":86270,"comment_status":"closed","ping_status":"closed","sticky":false,"template":"","format":"standard","meta":{"_seopress_robots_primary_cat":"","_seopress_titles_title":"","_seopress_titles_desc":"","_seopress_robots_index":"","footnotes":""},"categories":[228],"tags":[31583,31582],"class_list":{"0":"post-86262","1":"post","2":"type-post","3":"status-publish","4":"format-standard","5":"has-post-thumbnail","7":"category-moda-y-estilos","8":"tag-que-es-la-moda-sustentable","9":"tag-tendencia-para-frenar-la-contaminacion"},"_links":{"self":[{"href":"https:\/\/www.cordobatimes.com\/showup\/wp-json\/wp\/v2\/posts\/86262","targetHints":{"allow":["GET"]}}],"collection":[{"href":"https:\/\/www.cordobatimes.com\/showup\/wp-json\/wp\/v2\/posts"}],"about":[{"href":"https:\/\/www.cordobatimes.com\/showup\/wp-json\/wp\/v2\/types\/post"}],"author":[{"embeddable":true,"href":"https:\/\/www.cordobatimes.com\/showup\/wp-json\/wp\/v2\/users\/1"}],"replies":[{"embeddable":true,"href":"https:\/\/www.cordobatimes.com\/showup\/wp-json\/wp\/v2\/comments?post=86262"}],"version-history":[{"count":0,"href":"https:\/\/www.cordobatimes.com\/showup\/wp-json\/wp\/v2\/posts\/86262\/revisions"}],"wp:featuredmedia":[{"embeddable":true,"href":"https:\/\/www.cordobatimes.com\/showup\/wp-json\/wp\/v2\/media\/86270"}],"wp:attachment":[{"href":"https:\/\/www.cordobatimes.com\/showup\/wp-json\/wp\/v2\/media?parent=86262"}],"wp:term":[{"taxonomy":"category","embeddable":true,"href":"https:\/\/www.cordobatimes.com\/showup\/wp-json\/wp\/v2\/categories?post=86262"},{"taxonomy":"post_tag","embeddable":true,"href":"https:\/\/www.cordobatimes.com\/showup\/wp-json\/wp\/v2\/tags?post=86262"}],"curies":[{"name":"wp","href":"https:\/\/api.w.org\/{rel}","templated":true}]}}