{"id":86255,"date":"2020-05-20T09:07:36","date_gmt":"2020-05-20T12:07:36","guid":{"rendered":"https:\/\/www.cordobatimes.com\/showup\/?p=86255"},"modified":"2020-05-20T09:07:36","modified_gmt":"2020-05-20T12:07:36","slug":"elite-danna-paola-y-ester-exposito-se-despiden-de-sus-personajes","status":"publish","type":"post","link":"https:\/\/www.cordobatimes.com\/showup\/cine-y-series\/2020\/05\/20\/elite-danna-paola-y-ester-exposito-se-despiden-de-sus-personajes\/","title":{"rendered":"Elite: Danna Paola y Ester Exp\u00f3sito se despiden de sus personajes"},"content":{"rendered":"<h3><strong>Netflix a\u00fan no confirma una cuarta temporada de la serie, pero ha dejado en claro que las actrices ya no recorrer\u00e1n los pasillo de Las Encinas.<\/strong><\/h3>\n<p>Las redes sociales han reventado tras una nueva serie de fotograf\u00edas publicadas con el elenco de \u201c\u00c9lite\u201d. Estas tomas ser\u00edan nada menos que la despedida de protagonistas de la serie espa\u00f1ola.<\/p>\n<p>Netflix dej\u00f3 claro que era el \u00faltimo d\u00eda de las actrices\u00a0Danna Paola\u00a0y\u00a0Ester Exp\u00f3sito. As\u00ed tambi\u00e9n de Jorge L\u00f3pez, Mina El Hammani y \u00c1lvaro Rico, por lo que la producci\u00f3n les organiz\u00f3 una emotiva despedida.<\/p>\n<p>\u201cPor los pasillos a lo mejor no, pero en nuestro coraz\u00f3n les vamos a tener TODOS LOS D\u00cdAS\u201d, se lee en la cuenta oficial de Instagram de Netflix Espa\u00f1a. Junto a un video donde Danna Paola, Ester Exp\u00f3sito, Jorge L\u00f3pez, Mina y \u00c1lvaro se despiden de sus personajes.<\/p>\n<p>El video muestra a los protagonistas del show en su \u00faltimo d\u00eda por los pasillos, claramente emocionados y con flores de despedida.<br \/>\nLo que ha hecho a Ester Exp\u00f3sito y Danna Paola en tendencia en las redes sociales.<\/p>\n<p><iframe loading=\"lazy\" width=\"560\" height=\"315\" src=\"https:\/\/www.youtube.com\/embed\/UWtcOcss6ww\" frameborder=\"0\" allow=\"accelerometer; autoplay; encrypted-media; gyroscope; picture-in-picture\" allowfullscreen><\/iframe><\/p>\n<p>Asimismo se compartieron fotos donde se ve a todo el elenco junt\u00e1ndose por \u00faltima vez. Por ahora, solo se presume que si habr\u00e1 una nueva temporada, ser\u00e1 sin ellos en el colegio.<\/p>\n<blockquote class=\"twitter-tweet\" data-lang=\"es\">\n<p lang=\"en\" dir=\"ltr\"><a href=\"https:\/\/twitter.com\/hashtag\/Elite?src=hash&amp;ref_src=twsrc%5Etfw\">#Elite<\/a> Behind The Scenes Photos &#8211; it&#39;s the last day for Ester, Danna, Alvaro, Mina, and Jorge <a href=\"https:\/\/t.co\/NXKDOzjhBK\">pic.twitter.com\/NXKDOzjhBK<\/a><\/p>\n<p>&mdash; See What&#39;s Next (@seewhatsnext) <a href=\"https:\/\/twitter.com\/seewhatsnext\/status\/1262760442121707520?ref_src=twsrc%5Etfw\">19 de mayo de 2020<\/a><\/p><\/blockquote>\n<p><script async src=\"https:\/\/platform.twitter.com\/widgets.js\" charset=\"utf-8\"><\/script><\/p>\n","protected":false},"excerpt":{"rendered":"<p>Netflix a\u00fan no confirma una cuarta temporada de la serie, pero ha dejado en claro que las actrices ya no recorrer\u00e1n los pasillo de Las Encinas. Las redes sociales han reventado tras una nueva serie de fotograf\u00edas publicadas con el elenco de \u201c\u00c9lite\u201d. Estas tomas ser\u00edan nada menos que la despedida de protagonistas de la [&hellip;]<\/p>\n","protected":false},"author":1,"featured_media":86256,"comment_status":"closed","ping_status":"closed","sticky":false,"template":"","format":"standard","meta":{"_seopress_robots_primary_cat":"","_seopress_titles_title":"","_seopress_titles_desc":"","_seopress_robots_index":"","footnotes":""},"categories":[3],"tags":[31578,31577,31579],"class_list":{"0":"post-86255","1":"post","2":"type-post","3":"status-publish","4":"format-standard","5":"has-post-thumbnail","7":"category-cine-y-series","8":"tag-danna-paola-y-ester-exposito","9":"tag-elite-danna-paola-y-ester-exposito","10":"tag-lu-y-carla-personajes-de-elite"},"_links":{"self":[{"href":"https:\/\/www.cordobatimes.com\/showup\/wp-json\/wp\/v2\/posts\/86255","targetHints":{"allow":["GET"]}}],"collection":[{"href":"https:\/\/www.cordobatimes.com\/showup\/wp-json\/wp\/v2\/posts"}],"about":[{"href":"https:\/\/www.cordobatimes.com\/showup\/wp-json\/wp\/v2\/types\/post"}],"author":[{"embeddable":true,"href":"https:\/\/www.cordobatimes.com\/showup\/wp-json\/wp\/v2\/users\/1"}],"replies":[{"embeddable":true,"href":"https:\/\/www.cordobatimes.com\/showup\/wp-json\/wp\/v2\/comments?post=86255"}],"version-history":[{"count":0,"href":"https:\/\/www.cordobatimes.com\/showup\/wp-json\/wp\/v2\/posts\/86255\/revisions"}],"wp:featuredmedia":[{"embeddable":true,"href":"https:\/\/www.cordobatimes.com\/showup\/wp-json\/wp\/v2\/media\/86256"}],"wp:attachment":[{"href":"https:\/\/www.cordobatimes.com\/showup\/wp-json\/wp\/v2\/media?parent=86255"}],"wp:term":[{"taxonomy":"category","embeddable":true,"href":"https:\/\/www.cordobatimes.com\/showup\/wp-json\/wp\/v2\/categories?post=86255"},{"taxonomy":"post_tag","embeddable":true,"href":"https:\/\/www.cordobatimes.com\/showup\/wp-json\/wp\/v2\/tags?post=86255"}],"curies":[{"name":"wp","href":"https:\/\/api.w.org\/{rel}","templated":true}]}}