{"id":86242,"date":"2020-05-19T11:38:34","date_gmt":"2020-05-19T14:38:34","guid":{"rendered":"https:\/\/www.cordobatimes.com\/showup\/?p=86242"},"modified":"2020-05-19T11:38:34","modified_gmt":"2020-05-19T14:38:34","slug":"sergio-denis-el-homenaje-desde-los-balcones-en-nueva-cordoba","status":"publish","type":"post","link":"https:\/\/www.cordobatimes.com\/showup\/musica\/2020\/05\/19\/sergio-denis-el-homenaje-desde-los-balcones-en-nueva-cordoba\/","title":{"rendered":"Sergio Denis: El homenaje desde los balcones en Nueva C\u00f3rdoba"},"content":{"rendered":"<h3><strong>Fue este s\u00e1bado a la noche, en el marco de la inicitiva llamada Fiesta en Casa, impulsada por la Fundaci\u00f3n In. Es en un coraz\u00f3n de manzana entre las calles Obispo Oro, Obispo Salguero, San Lorenzo y Paran\u00e1, a 100 metros del Parque Sarmiento.<\/strong><\/h3>\n<p><iframe loading=\"lazy\" width=\"560\" height=\"315\" src=\"https:\/\/www.youtube.com\/embed\/vPewEl9cuGs\" frameborder=\"0\" allow=\"accelerometer; autoplay; encrypted-media; gyroscope; picture-in-picture\" allowfullscreen><\/iframe><\/p>\n","protected":false},"excerpt":{"rendered":"<p>Fue este s\u00e1bado a la noche, en el marco de la inicitiva llamada Fiesta en Casa, impulsada por la Fundaci\u00f3n In. Es en un coraz\u00f3n de manzana entre las calles Obispo Oro, Obispo Salguero, San Lorenzo y Paran\u00e1, a 100 metros del Parque Sarmiento.<\/p>\n","protected":false},"author":1,"featured_media":86243,"comment_status":"closed","ping_status":"closed","sticky":false,"template":"","format":"standard","meta":{"_seopress_robots_primary_cat":"","_seopress_titles_title":"","_seopress_titles_desc":"","_seopress_robots_index":"","footnotes":""},"categories":[5],"tags":[31576],"class_list":{"0":"post-86242","1":"post","2":"type-post","3":"status-publish","4":"format-standard","5":"has-post-thumbnail","7":"category-musica","8":"tag-homenaje-a-sergio-denis-en-nueva-cordoba"},"_links":{"self":[{"href":"https:\/\/www.cordobatimes.com\/showup\/wp-json\/wp\/v2\/posts\/86242","targetHints":{"allow":["GET"]}}],"collection":[{"href":"https:\/\/www.cordobatimes.com\/showup\/wp-json\/wp\/v2\/posts"}],"about":[{"href":"https:\/\/www.cordobatimes.com\/showup\/wp-json\/wp\/v2\/types\/post"}],"author":[{"embeddable":true,"href":"https:\/\/www.cordobatimes.com\/showup\/wp-json\/wp\/v2\/users\/1"}],"replies":[{"embeddable":true,"href":"https:\/\/www.cordobatimes.com\/showup\/wp-json\/wp\/v2\/comments?post=86242"}],"version-history":[{"count":0,"href":"https:\/\/www.cordobatimes.com\/showup\/wp-json\/wp\/v2\/posts\/86242\/revisions"}],"wp:featuredmedia":[{"embeddable":true,"href":"https:\/\/www.cordobatimes.com\/showup\/wp-json\/wp\/v2\/media\/86243"}],"wp:attachment":[{"href":"https:\/\/www.cordobatimes.com\/showup\/wp-json\/wp\/v2\/media?parent=86242"}],"wp:term":[{"taxonomy":"category","embeddable":true,"href":"https:\/\/www.cordobatimes.com\/showup\/wp-json\/wp\/v2\/categories?post=86242"},{"taxonomy":"post_tag","embeddable":true,"href":"https:\/\/www.cordobatimes.com\/showup\/wp-json\/wp\/v2\/tags?post=86242"}],"curies":[{"name":"wp","href":"https:\/\/api.w.org\/{rel}","templated":true}]}}