{"id":86140,"date":"2020-05-17T23:25:14","date_gmt":"2020-05-18T02:25:14","guid":{"rendered":"https:\/\/www.cordobatimes.com\/showup\/?p=86140"},"modified":"2020-05-17T23:52:07","modified_gmt":"2020-05-18T02:52:07","slug":"la-serie-13-reasons-why-lanza-video-de-despedida-de-su-temporada-final","status":"publish","type":"post","link":"https:\/\/www.cordobatimes.com\/showup\/cine-y-series\/2020\/05\/17\/la-serie-13-reasons-why-lanza-video-de-despedida-de-su-temporada-final\/","title":{"rendered":"La Serie 13 Reasons Why lanza video de despedida de su temporada final"},"content":{"rendered":"<h3><b>La serie\u00a0<\/b><span class=\"link\" style=\"font-weight: bold;\"><em>13 Reasons Why<\/em><\/span><b> esta cada vez m\u00e1s cerca de concluir, y su \u00faltima temporada llegar\u00e1 a las pantallas este 5 de junio en Netflix. La plataforma de <\/b><em style=\"font-weight: bold;\">streaming\u00a0<\/em><b>difundi\u00f3 un video el lunes 11 de mayo, que muestra al elenco en los d\u00edas finales de rodaje de la cuarta y \u00faltima temporada.<\/b><\/h3>\n<p>El video muestra escenas detr\u00e1s de c\u00e1mara del rodaje a finales de 2019, con tomas del reparto mientras hac\u00eda la \u00faltima lectura compartida del guion. La sinopsis oficial es la siguiente: \u00abEn la temporada final de la serie, la clase\u00a0<em>senior<\/em>\u00a0de la escuela secundaria Liberty High School se prepara para la graduaci\u00f3n. Pero antes de decir adi\u00f3s, tendr\u00e1n que guardar un secreto peligroso y enfrentar opciones desgarradoras que podr\u00edan afectar su futuro para siempre\u00bb.<\/p>\n<p>El elenco de los nuevos episodios incluye a Dylan Minnette, Alisha Boe, Brandon Flynn, Miles Heizer, Grace Saif, Christian Navarro, Ross Butler, Devin Druid, Timothy Granaderos, Anne Winters, Deaken Bluman, Tyler Barnhardt, Austin Aaron, Inde Navarrette, RJ Brown, Steven Weber, Brenda Strong, Amy Hargreaves, Josh Hamilton, Mark Pellegrino y, en un nuevo personaje, Jan Luis Castellanos como Diego Torres.<\/p>\n<p>La cuarta y \u00faltima temporada de\u00a0<em>13 Reasons Why<\/em>\u00a0se estrena el 5 de junio en Netflix.<\/p>\n<blockquote class=\"twitter-tweet\">\n<p dir=\"ltr\" lang=\"es\">De una vez les digo que me la voy a pasar llorando toda la \u00faltima temporada de <a href=\"https:\/\/twitter.com\/hashtag\/13ReasonsWhy?src=hash&amp;ref_src=twsrc%5Etfw\">#13ReasonsWhy<\/a> No importa si se est\u00e1n riendo o Zack le dice un chiste a Justin, yo voy a llorar por la nostalgia que me genera esta serie y el sentimiento de no querer dejarlos ir. <a href=\"https:\/\/t.co\/cjrsxrg6eI\">pic.twitter.com\/cjrsxrg6eI<\/a><\/p>\n<p>\u2014 ALEJANDRA \ud83d\udc27\ud83d\udda4 (@_AndreaMills_) <a href=\"https:\/\/twitter.com\/_AndreaMills_\/status\/1259884155845804032?ref_src=twsrc%5Etfw\">May 11, 2020<\/a><\/p><\/blockquote>\n<p><script async src=\"https:\/\/platform.twitter.com\/widgets.js\" charset=\"utf-8\"><\/script><\/p>\n","protected":false},"excerpt":{"rendered":"<p>La serie\u00a013 Reasons Why esta cada vez m\u00e1s cerca de concluir, y su \u00faltima temporada llegar\u00e1 a las pantallas este 5 de junio en Netflix. La plataforma de streaming\u00a0difundi\u00f3 un video el lunes 11 de mayo, que muestra al elenco en los d\u00edas finales de rodaje de la cuarta y \u00faltima temporada. El video muestra [&hellip;]<\/p>\n","protected":false},"author":1,"featured_media":86143,"comment_status":"closed","ping_status":"closed","sticky":false,"template":"","format":"video","meta":{"_seopress_robots_primary_cat":"","_seopress_titles_title":"","_seopress_titles_desc":"","_seopress_robots_index":"","footnotes":""},"categories":[3],"tags":[],"class_list":{"0":"post-86140","1":"post","2":"type-post","3":"status-publish","4":"format-video","5":"has-post-thumbnail","7":"category-cine-y-series","8":"post_format-post-format-video"},"_links":{"self":[{"href":"https:\/\/www.cordobatimes.com\/showup\/wp-json\/wp\/v2\/posts\/86140","targetHints":{"allow":["GET"]}}],"collection":[{"href":"https:\/\/www.cordobatimes.com\/showup\/wp-json\/wp\/v2\/posts"}],"about":[{"href":"https:\/\/www.cordobatimes.com\/showup\/wp-json\/wp\/v2\/types\/post"}],"author":[{"embeddable":true,"href":"https:\/\/www.cordobatimes.com\/showup\/wp-json\/wp\/v2\/users\/1"}],"replies":[{"embeddable":true,"href":"https:\/\/www.cordobatimes.com\/showup\/wp-json\/wp\/v2\/comments?post=86140"}],"version-history":[{"count":0,"href":"https:\/\/www.cordobatimes.com\/showup\/wp-json\/wp\/v2\/posts\/86140\/revisions"}],"wp:featuredmedia":[{"embeddable":true,"href":"https:\/\/www.cordobatimes.com\/showup\/wp-json\/wp\/v2\/media\/86143"}],"wp:attachment":[{"href":"https:\/\/www.cordobatimes.com\/showup\/wp-json\/wp\/v2\/media?parent=86140"}],"wp:term":[{"taxonomy":"category","embeddable":true,"href":"https:\/\/www.cordobatimes.com\/showup\/wp-json\/wp\/v2\/categories?post=86140"},{"taxonomy":"post_tag","embeddable":true,"href":"https:\/\/www.cordobatimes.com\/showup\/wp-json\/wp\/v2\/tags?post=86140"}],"curies":[{"name":"wp","href":"https:\/\/api.w.org\/{rel}","templated":true}]}}