{"id":85336,"date":"2020-05-11T14:09:49","date_gmt":"2020-05-11T17:09:49","guid":{"rendered":"https:\/\/www.cordobatimes.com\/showup\/?p=85336"},"modified":"2020-05-11T14:09:49","modified_gmt":"2020-05-11T17:09:49","slug":"el-regreso-del-quilmes-rock-por-streaming-mas-de-50-artistas-homenajes-y-recuerdos","status":"publish","type":"post","link":"https:\/\/www.cordobatimes.com\/showup\/musica\/2020\/05\/11\/el-regreso-del-quilmes-rock-por-streaming-mas-de-50-artistas-homenajes-y-recuerdos\/","title":{"rendered":"El regreso del Quilmes Rock por streaming: M\u00e1s de 50 artistas, homenajes y recuerdos"},"content":{"rendered":"<h3><strong>La edici\u00f3n virtual del festival de rock que se realiz\u00f3 en plena pandemia y con fines ben\u00e9ficos.\u00a0<\/strong><\/h3>\n<p>Con una grilla de m\u00e1s de 50 artistas, entre los que se encontraban los m\u00fasicos y bandas m\u00e1s relevantes de la escena local; homenajes a Charly Garc\u00eda y Gustavo Cerati; y recuerdos de actuaciones hist\u00f3ricas en ediciones pasadas, el festival Quilmes Rock tuvo un regreso por streaming, el s\u00e1bado y domingo, con una transmisi\u00f3n especial con fines ben\u00e9ficos por la pandemia de coronavirus.<\/p>\n<p>Ratones Paraoicos, Juanchi Baleir\u00f3n, Vicentico, Ciro y los Persas, Las Pelotas, Ratones Paranoicos, Airbag, Celeste Carballo, Bersuit Vergarabat, Jaur\u00eda, Richard Coleman y el Trans Siberian Express, Super Ratones, Los Cafres, Fernando Ruiz D\u00edaz, Soledad y los Socios del Rock, Miranda!, Massacre, Sr. Flavio, Las Pastillas del Abuelo, Dante Spinetta, Emmanuel Horvilleur, Gustavo Santaolalla y Jaur\u00eda, fueron algunos de los artistas que participaron.<\/p>\n<p><iframe loading=\"lazy\" src=\"https:\/\/www.youtube.com\/embed\/m68ZEhaVTuw\" width=\"560\" height=\"315\" frameborder=\"0\" allowfullscreen=\"allowfullscreen\"><\/iframe><\/p>\n<p>Tambi\u00e9n hubo algunos sets especiales con cruces de m\u00fasicos como los ofrecidos por Leo Garc\u00eda con Le\u00f3n Gieco, Los Tipitos con Lito Vitale, Los Caligaris con Los Aut\u00e9nticos Decadentes, Estelares con el espa\u00f1ol Leiva, La Franela con Bersuit Bergarabat y Vicentico con los Turf.<\/p>\n<p><iframe loading=\"lazy\" src=\"https:\/\/www.youtube.com\/embed\/RwAhAqGb_FM\" width=\"560\" height=\"315\" frameborder=\"0\" allowfullscreen=\"allowfullscreen\"><\/iframe><\/p>\n<p>Entre los momentos destacados, Hilda Lizarazu protagoniz\u00f3 un homenaje a Charly Garc\u00eda y Fabiana Cantilo hizo lo propio con Gustavo Cerati; en tanto que el l\u00edder de Airbag, Patricio Sardelli, interpret\u00f3 una el\u00e9ctrica versi\u00f3n del Himno Nacional.<\/p>\n<p><iframe loading=\"lazy\" src=\"https:\/\/www.youtube.com\/embed\/S3P0Fwseh0M\" width=\"560\" height=\"315\" frameborder=\"0\" allowfullscreen=\"allowfullscreen\"><\/iframe><\/p>\n<p>Tambi\u00e9n hubo espacio para el recuerdo con viejas im\u00e1genes de actuaciones en ediciones pasadas del Festival de Las Pelotas, Los Cafres, Cerati, Babas\u00f3nicos, Tan Bi\u00f3nica, La Portuaria, La Mississipi, Los Aut\u00e9nticos Decadentes y la reuni\u00f3n de Sumo, entre otras.<\/p>\n<p>Adem\u00e1s, hubo saludos especiales de artistas internacionales que fueron parte de esas ediciones, como el caso del estadounidense Jack Johnson, el cantante de los mexicanos Caf\u00e9 Tacvba Rub\u00e9n Albarr\u00e1n y el l\u00edder de los alemanes Die Toten Hosen, Campi\u00f1o.<\/p>\n<p>Completaron la grilla Barbi Recanati, Barco, Barbarita Palacios, Banda de Turistas, Celli, Ministerio de Energ\u00eda, Miranda Johansen, Viva El\u00e1stico, Weste, Julieta Rada, LIMON, Miss Bolivia, Marilina Bertoldi, Manu Mart\u00ednez, miranda Johansen, Juan Ingaramo, e Indios con Goyo Degano.<\/p>\n<p><iframe loading=\"lazy\" src=\"https:\/\/www.youtube.com\/embed\/fzJbPaty8Xs\" width=\"560\" height=\"315\" frameborder=\"0\" allowfullscreen=\"allowfullscreen\"><\/iframe><\/p>\n","protected":false},"excerpt":{"rendered":"<p>La edici\u00f3n virtual del festival de rock que se realiz\u00f3 en plena pandemia y con fines ben\u00e9ficos.\u00a0 Con una grilla de m\u00e1s de 50 artistas, entre los que se encontraban los m\u00fasicos y bandas m\u00e1s relevantes de la escena local; homenajes a Charly Garc\u00eda y Gustavo Cerati; y recuerdos de actuaciones hist\u00f3ricas en ediciones pasadas, [&hellip;]<\/p>\n","protected":false},"author":1,"featured_media":85337,"comment_status":"closed","ping_status":"closed","sticky":false,"template":"","format":"standard","meta":{"_seopress_robots_primary_cat":"","_seopress_titles_title":"","_seopress_titles_desc":"","_seopress_robots_index":"","footnotes":""},"categories":[5],"tags":[31362,31361,31360],"class_list":{"0":"post-85336","1":"post","2":"type-post","3":"status-publish","4":"format-standard","5":"has-post-thumbnail","7":"category-musica","8":"tag-lo-mas-destacado-de-quilmes-rock-por-streaming","9":"tag-quilmes-rock-por-streaming","10":"tag-regreso-del-quilmes-rock-por-streaming"},"_links":{"self":[{"href":"https:\/\/www.cordobatimes.com\/showup\/wp-json\/wp\/v2\/posts\/85336","targetHints":{"allow":["GET"]}}],"collection":[{"href":"https:\/\/www.cordobatimes.com\/showup\/wp-json\/wp\/v2\/posts"}],"about":[{"href":"https:\/\/www.cordobatimes.com\/showup\/wp-json\/wp\/v2\/types\/post"}],"author":[{"embeddable":true,"href":"https:\/\/www.cordobatimes.com\/showup\/wp-json\/wp\/v2\/users\/1"}],"replies":[{"embeddable":true,"href":"https:\/\/www.cordobatimes.com\/showup\/wp-json\/wp\/v2\/comments?post=85336"}],"version-history":[{"count":0,"href":"https:\/\/www.cordobatimes.com\/showup\/wp-json\/wp\/v2\/posts\/85336\/revisions"}],"wp:featuredmedia":[{"embeddable":true,"href":"https:\/\/www.cordobatimes.com\/showup\/wp-json\/wp\/v2\/media\/85337"}],"wp:attachment":[{"href":"https:\/\/www.cordobatimes.com\/showup\/wp-json\/wp\/v2\/media?parent=85336"}],"wp:term":[{"taxonomy":"category","embeddable":true,"href":"https:\/\/www.cordobatimes.com\/showup\/wp-json\/wp\/v2\/categories?post=85336"},{"taxonomy":"post_tag","embeddable":true,"href":"https:\/\/www.cordobatimes.com\/showup\/wp-json\/wp\/v2\/tags?post=85336"}],"curies":[{"name":"wp","href":"https:\/\/api.w.org\/{rel}","templated":true}]}}