{"id":84719,"date":"2020-04-30T20:23:54","date_gmt":"2020-04-30T23:23:54","guid":{"rendered":"https:\/\/www.cordobatimes.com\/showup\/?p=84719"},"modified":"2020-04-30T20:25:05","modified_gmt":"2020-04-30T23:25:05","slug":"terapia-en-cuarentena-una-ficcion-filmada-en-plena-pandemia","status":"publish","type":"post","link":"https:\/\/www.cordobatimes.com\/showup\/cine-y-series\/2020\/04\/30\/terapia-en-cuarentena-una-ficcion-filmada-en-plena-pandemia\/","title":{"rendered":"\u00abTerapia en cuarentena\u00bb: Una ficci\u00f3n filmada en plena pandemia"},"content":{"rendered":"<h3>\u00a0<strong>La producci\u00f3n ser\u00e1 \u00a0realizada por Contar. Es la primera vez que la plataforma realiza una ficci\u00f3n montada completamente en cuarentena.<\/strong><\/h3>\n<p>En el marco del aislamiento preventivo y obligatorio, las productoras audiovisuales decidieron no quedarse de brazos cruzados y de a poco empezar a realizar cortometrajes o mini series.<\/p>\n<p>En este caso, la plataforma p\u00fablica y gratuita\u00a0Contar\u00a0comenz\u00f3 las grabaciones de Terapia en cuarentena, una ficci\u00f3n web completamente montada en el marco de la cuarentena.<\/p>\n<p>Los protagonistas de la serie, Carola Reyna, Mercedes Funes, Luciano C\u00e1ceres, Coco Sily y Violeta Urtizberea, se pondr\u00e1n en el papel de cuatro pacientes que a trav\u00e9s de videollamadas con su terapeuta, interpretado por Carola Reyra, se enfrentar\u00e1n a sus conflictos habituales atravesados por la particularidad del aislamiento.<\/p>\n<p>\u00abUna ficci\u00f3n en tiempos de emergencia, realizada de manera integral en cuarentena: un modo de acercarnos, desde un tono de comedia descontracturada, amigable y reflexiva, a los conflictos que nos atraviesan e interpelan en estos tiempos\u00bb, comunicaron desde Contar.<\/p>\n","protected":false},"excerpt":{"rendered":"<p>\u00a0La producci\u00f3n ser\u00e1 \u00a0realizada por Contar. Es la primera vez que la plataforma realiza una ficci\u00f3n montada completamente en cuarentena. En el marco del aislamiento preventivo y obligatorio, las productoras audiovisuales decidieron no quedarse de brazos cruzados y de a poco empezar a realizar cortometrajes o mini series. En este caso, la plataforma p\u00fablica y [&hellip;]<\/p>\n","protected":false},"author":1,"featured_media":84720,"comment_status":"closed","ping_status":"closed","sticky":false,"template":"","format":"standard","meta":{"_seopress_robots_primary_cat":"","_seopress_titles_title":"","_seopress_titles_desc":"","_seopress_robots_index":"","footnotes":""},"categories":[3],"tags":[31138,31136,31135,31137],"class_list":{"0":"post-84719","1":"post","2":"type-post","3":"status-publish","4":"format-standard","5":"has-post-thumbnail","7":"category-cine-y-series","8":"tag-elenco-de-terapia-en-cuarentena","9":"tag-ficcion-filmada-en-plena-pandemia","10":"tag-ficcion-terapia-en-cuarentena","11":"tag-terapia-en-cuarentena-plataforma-contar"},"_links":{"self":[{"href":"https:\/\/www.cordobatimes.com\/showup\/wp-json\/wp\/v2\/posts\/84719","targetHints":{"allow":["GET"]}}],"collection":[{"href":"https:\/\/www.cordobatimes.com\/showup\/wp-json\/wp\/v2\/posts"}],"about":[{"href":"https:\/\/www.cordobatimes.com\/showup\/wp-json\/wp\/v2\/types\/post"}],"author":[{"embeddable":true,"href":"https:\/\/www.cordobatimes.com\/showup\/wp-json\/wp\/v2\/users\/1"}],"replies":[{"embeddable":true,"href":"https:\/\/www.cordobatimes.com\/showup\/wp-json\/wp\/v2\/comments?post=84719"}],"version-history":[{"count":0,"href":"https:\/\/www.cordobatimes.com\/showup\/wp-json\/wp\/v2\/posts\/84719\/revisions"}],"wp:featuredmedia":[{"embeddable":true,"href":"https:\/\/www.cordobatimes.com\/showup\/wp-json\/wp\/v2\/media\/84720"}],"wp:attachment":[{"href":"https:\/\/www.cordobatimes.com\/showup\/wp-json\/wp\/v2\/media?parent=84719"}],"wp:term":[{"taxonomy":"category","embeddable":true,"href":"https:\/\/www.cordobatimes.com\/showup\/wp-json\/wp\/v2\/categories?post=84719"},{"taxonomy":"post_tag","embeddable":true,"href":"https:\/\/www.cordobatimes.com\/showup\/wp-json\/wp\/v2\/tags?post=84719"}],"curies":[{"name":"wp","href":"https:\/\/api.w.org\/{rel}","templated":true}]}}