{"id":84702,"date":"2020-04-29T18:30:45","date_gmt":"2020-04-29T21:30:45","guid":{"rendered":"https:\/\/www.cordobatimes.com\/showup\/?p=84702"},"modified":"2020-04-29T21:49:46","modified_gmt":"2020-04-30T00:49:46","slug":"netflix-ya-esta-disponible-matchday-el-documental-del-barca","status":"publish","type":"post","link":"https:\/\/www.cordobatimes.com\/showup\/cine-y-series\/2020\/04\/29\/netflix-ya-esta-disponible-matchday-el-documental-del-barca\/","title":{"rendered":"Netflix: Ya est\u00e1 disponible Matchday, el documental del Bar\u00e7a"},"content":{"rendered":"<h3><strong>La serie documental incluye im\u00e1genes in\u00e9ditas<\/strong> <strong style=\"color: #111111; font-family: Roboto, sans-serif; font-size: 22px;\">sobre la vida cotidiana de los jugadores.\u00a0<\/strong><\/h3>\n<p>Desde este mi\u00e9rcoles est\u00e1 disponible en Netflix Matchday, la serie documental creada por Bar\u00e7a Studios que incluye im\u00e1genes nunca antes vistas de la vida cotidiana de los jugadores.<\/p>\n<p>El documental tiene ocho episodios de 45 minutos que se enfocan en ocho partidos clave jugados en la temporada 2018\/2019. Las c\u00e1maras de televisi\u00f3n tuvieron acceso al vestuario del equipo para grabar momentos cotidianos en la vida de jugadores como Leo Messi, Luis Su\u00e1rez, Marc-Andr\u00e9 ter Stegen, Gerard Piqu\u00e9, Arthur Melo y Arturo Vidal.<\/p>\n<p>Matchday\u00a0fue estrenada el 29 de noviembre en Jap\u00f3n y Europa a trav\u00e9s de la plataforma Rakuten TV. El\u00a0FC Barcelona\u00a0reserv\u00f3 los derechos de la serie documental para que\u00a0Netflix\u00a0la ponga a disposici\u00f3n de sus usuarios en Am\u00e9rica Latina, Canad\u00e1, \u00c1frica y Medio Oriente.<\/p>\n<p>La serie est\u00e1 producida por Bar\u00e7a Studios, que actualmente centraliza toda la creaci\u00f3n, producci\u00f3n y comercializaci\u00f3n del contenido audiovisual del FC Barcelona y que ya est\u00e1 trabajando en la segunda temporada de la serie.<\/p>\n<p><iframe loading=\"lazy\" src=\"https:\/\/www.youtube.com\/embed\/17klcI_g9ow\" width=\"560\" height=\"315\" frameborder=\"0\" allowfullscreen=\"allowfullscreen\"><\/iframe><\/p>\n","protected":false},"excerpt":{"rendered":"<p>La serie documental incluye im\u00e1genes in\u00e9ditas sobre la vida cotidiana de los jugadores.\u00a0 Desde este mi\u00e9rcoles est\u00e1 disponible en Netflix Matchday, la serie documental creada por Bar\u00e7a Studios que incluye im\u00e1genes nunca antes vistas de la vida cotidiana de los jugadores. El documental tiene ocho episodios de 45 minutos que se enfocan en ocho partidos [&hellip;]<\/p>\n","protected":false},"author":1,"featured_media":84703,"comment_status":"closed","ping_status":"closed","sticky":false,"template":"","format":"standard","meta":{"_seopress_robots_primary_cat":"","_seopress_titles_title":"","_seopress_titles_desc":"","_seopress_robots_index":"","footnotes":""},"categories":[3],"tags":[31125,31123,31124],"class_list":{"0":"post-84702","1":"post","2":"type-post","3":"status-publish","4":"format-standard","5":"has-post-thumbnail","7":"category-cine-y-series","8":"tag-lionel-messi-matchday","9":"tag-matchday-el-documental-del-barca","10":"tag-netflix-matchday"},"_links":{"self":[{"href":"https:\/\/www.cordobatimes.com\/showup\/wp-json\/wp\/v2\/posts\/84702","targetHints":{"allow":["GET"]}}],"collection":[{"href":"https:\/\/www.cordobatimes.com\/showup\/wp-json\/wp\/v2\/posts"}],"about":[{"href":"https:\/\/www.cordobatimes.com\/showup\/wp-json\/wp\/v2\/types\/post"}],"author":[{"embeddable":true,"href":"https:\/\/www.cordobatimes.com\/showup\/wp-json\/wp\/v2\/users\/1"}],"replies":[{"embeddable":true,"href":"https:\/\/www.cordobatimes.com\/showup\/wp-json\/wp\/v2\/comments?post=84702"}],"version-history":[{"count":0,"href":"https:\/\/www.cordobatimes.com\/showup\/wp-json\/wp\/v2\/posts\/84702\/revisions"}],"wp:featuredmedia":[{"embeddable":true,"href":"https:\/\/www.cordobatimes.com\/showup\/wp-json\/wp\/v2\/media\/84703"}],"wp:attachment":[{"href":"https:\/\/www.cordobatimes.com\/showup\/wp-json\/wp\/v2\/media?parent=84702"}],"wp:term":[{"taxonomy":"category","embeddable":true,"href":"https:\/\/www.cordobatimes.com\/showup\/wp-json\/wp\/v2\/categories?post=84702"},{"taxonomy":"post_tag","embeddable":true,"href":"https:\/\/www.cordobatimes.com\/showup\/wp-json\/wp\/v2\/tags?post=84702"}],"curies":[{"name":"wp","href":"https:\/\/api.w.org\/{rel}","templated":true}]}}