{"id":84672,"date":"2020-04-27T21:18:10","date_gmt":"2020-04-28T00:18:10","guid":{"rendered":"https:\/\/www.cordobatimes.com\/showup\/?p=84672"},"modified":"2020-04-27T21:18:10","modified_gmt":"2020-04-28T00:18:10","slug":"los-festivales-de-cine-se-unen-en-youtube","status":"publish","type":"post","link":"https:\/\/www.cordobatimes.com\/showup\/cine-y-series\/2020\/04\/27\/los-festivales-de-cine-se-unen-en-youtube\/","title":{"rendered":"Los festivales de cine se unen en Youtube"},"content":{"rendered":"<h3><strong>La programaci\u00f3n ser\u00e1 similar a la de un festival en sala e incluir\u00e1 largometrajes, cortos, documentales, m\u00fasica, comedia y conversaciones.<\/strong><\/h3>\n<p>Festivales de cine alrededor del mundo est\u00e1n uniendo fuerzas para lanzar \u00abWe Are One: A Global Film Festival\u00bb, un evento gratuito de 10 d\u00edas que estar\u00e1 disponible en YouTube desde el 29 de mayo.<\/p>\n<p>Tribeca Enterprises, la empresa detr\u00e1s del Festival de Cine de Tribeca, y YouTube anunciaron el festival en l\u00ednea el lunes. Otros festivales contribuir\u00e1n a la programaci\u00f3n curada, incluyendo el Festival de Cine de Cannes, el Festival de Cine de Sundance, el Festival de Cine de Venecia y aquellos realizados en Berl\u00edn, San Sebasti\u00e1n, Tokio y Nueva York.<\/p>\n<p>El festival ser\u00e1 a beneficio de la Organizaci\u00f3n Mundial de la Salud y organizaciones ben\u00e9ficas locales, y alentar\u00e1 a los espectadores a donar para los esfuerzos de alivio por la pandemia del COVID-19.<\/p>\n<p>Los organizadores dijeron que la programaci\u00f3n incluir\u00e1 largometrajes, cortos, documentales, m\u00fasica, comedia y conversaciones.<\/p>\n<p>Tribeca Enterprises no especific\u00f3 qu\u00e9 pel\u00edculas podr\u00e1n verse en \u00abWe Are One\u00bb, pero no se espera que incluya largometrajes prominentes que iban a debutar en las ediciones canceladas de festivales como Cannes, en mayo, o que contin\u00faan en pie, como el Festival de Cine de Toronto en septiembre.<\/p>\n<p>\u00abEsperamos que todos puedan probar lo que hace que cada festival sea tan \u00fanico y apreciar el arte y el poder del cine\u00bb, dijo Jane Rosenthal, directora ejecutiva de Tribeca Enterprises, en un comunicado.<\/p>\n<blockquote class=\"twitter-tweet\" data-lang=\"es\">\n<p dir=\"ltr\" lang=\"es\"><a href=\"https:\/\/twitter.com\/hashtag\/WeAreOne?src=hash&amp;ref_src=twsrc%5Etfw\">#WeAreOne<\/a> <a href=\"https:\/\/twitter.com\/hashtag\/WeAreOneGFF?src=hash&amp;ref_src=twsrc%5Etfw\">#WeAreOneGFF<\/a><\/p>\n<p>Los principales festivales de cine del mundo se unen a <a href=\"https:\/\/twitter.com\/YouTube?ref_src=twsrc%5Etfw\">@YouTube<\/a> para anunciar &#8216;We Are One: A Global Film Festival&#8217; producido por <a href=\"https:\/\/twitter.com\/Tribeca?ref_src=twsrc%5Etfw\">@Tribeca<\/a> Enterprises<\/p>\n<p>Beneficios destinados al Fondo de Respuesta Solidaria a la Covid-19 <a href=\"https:\/\/twitter.com\/WHO?ref_src=twsrc%5Etfw\">@WHO<\/a>\ud83c\udf0e\ud83c\udf0d\ud83c\udf0f<\/p>\n<p>\u2139\ufe0f<a href=\"https:\/\/t.co\/2922YLLvvR\">https:\/\/t.co\/2922YLLvvR<\/a> <a href=\"https:\/\/t.co\/rMTra3M1MD\">pic.twitter.com\/rMTra3M1MD<\/a><\/p>\n<p>\u2014 Festival de San Sebasti\u00e1n (@sansebastianfes) <a href=\"https:\/\/twitter.com\/sansebastianfes\/status\/1254792559030919168?ref_src=twsrc%5Etfw\">27 de abril de 2020<\/a><\/p><\/blockquote>\n<p><script async src=\"https:\/\/platform.twitter.com\/widgets.js\" charset=\"utf-8\"><\/script><\/p>\n<p>Algunos festivales han experimentado con ediciones virtuales. Amazon Prime actualmente realiza una modesta versi\u00f3n online del texano South by Southwest para suscriptores y no suscriptores, mientras que el Festival de Cine de Tribeca realiz\u00f3 una exhibici\u00f3n privada de algunas de sus pel\u00edculas para la industria del cine y la prensa.<\/p>\n<p>La pandemia ha obligado a cerrar las salas de cine de pr\u00e1cticamente todo el mundo, con consecuencias demoledoras para toda la industria, y ha puesto contra las cuerdas a los festivales m\u00e1s importantes del circuito internacional de la gran pantalla, que ahora barajan posibilidades entre la suspensi\u00f3n, la cancelaci\u00f3n o apurar sus opciones hasta el final.<\/p>\n<p>Por ejemplo, la Mostra de Venecia y el Festival de San Sebasti\u00e1n mantienen, por el momento, sus intenciones de celebrarse en septiembre como viene siendo tradicional. Pero Cannes, que tendr\u00eda que haberse desarrollado en mayo, ha aplazado en varias ocasiones su evento de este a\u00f1o y tampoco se celebrar\u00e1 al menos durante junio o julio.<\/p>\n<p>Al otro lado del charco, el festival SXSW de Austin renunci\u00f3 a su edici\u00f3n en marzo y Sundance se pudo celebrar con normalidad en enero.<\/p>\n<p><iframe loading=\"lazy\" src=\"https:\/\/www.youtube.com\/embed\/QVuf5iTExis\" width=\"560\" height=\"315\" frameborder=\"0\" allowfullscreen=\"allowfullscreen\"><\/iframe><\/p>\n","protected":false},"excerpt":{"rendered":"<p>La programaci\u00f3n ser\u00e1 similar a la de un festival en sala e incluir\u00e1 largometrajes, cortos, documentales, m\u00fasica, comedia y conversaciones. Festivales de cine alrededor del mundo est\u00e1n uniendo fuerzas para lanzar \u00abWe Are One: A Global Film Festival\u00bb, un evento gratuito de 10 d\u00edas que estar\u00e1 disponible en YouTube desde el 29 de mayo. Tribeca [&hellip;]<\/p>\n","protected":false},"author":1,"featured_media":84674,"comment_status":"closed","ping_status":"closed","sticky":false,"template":"","format":"standard","meta":{"_seopress_robots_primary_cat":"","_seopress_titles_title":"","_seopress_titles_desc":"","_seopress_robots_index":"","footnotes":""},"categories":[3],"tags":[31112,31111],"class_list":{"0":"post-84672","1":"post","2":"type-post","3":"status-publish","4":"format-standard","5":"has-post-thumbnail","7":"category-cine-y-series","8":"tag-we-are-one-a-global-film-festival-youtube","9":"tag-we-are-one-a-global-film-festival"},"_links":{"self":[{"href":"https:\/\/www.cordobatimes.com\/showup\/wp-json\/wp\/v2\/posts\/84672","targetHints":{"allow":["GET"]}}],"collection":[{"href":"https:\/\/www.cordobatimes.com\/showup\/wp-json\/wp\/v2\/posts"}],"about":[{"href":"https:\/\/www.cordobatimes.com\/showup\/wp-json\/wp\/v2\/types\/post"}],"author":[{"embeddable":true,"href":"https:\/\/www.cordobatimes.com\/showup\/wp-json\/wp\/v2\/users\/1"}],"replies":[{"embeddable":true,"href":"https:\/\/www.cordobatimes.com\/showup\/wp-json\/wp\/v2\/comments?post=84672"}],"version-history":[{"count":0,"href":"https:\/\/www.cordobatimes.com\/showup\/wp-json\/wp\/v2\/posts\/84672\/revisions"}],"wp:featuredmedia":[{"embeddable":true,"href":"https:\/\/www.cordobatimes.com\/showup\/wp-json\/wp\/v2\/media\/84674"}],"wp:attachment":[{"href":"https:\/\/www.cordobatimes.com\/showup\/wp-json\/wp\/v2\/media?parent=84672"}],"wp:term":[{"taxonomy":"category","embeddable":true,"href":"https:\/\/www.cordobatimes.com\/showup\/wp-json\/wp\/v2\/categories?post=84672"},{"taxonomy":"post_tag","embeddable":true,"href":"https:\/\/www.cordobatimes.com\/showup\/wp-json\/wp\/v2\/tags?post=84672"}],"curies":[{"name":"wp","href":"https:\/\/api.w.org\/{rel}","templated":true}]}}