{"id":84388,"date":"2020-04-23T11:13:32","date_gmt":"2020-04-23T14:13:32","guid":{"rendered":"https:\/\/www.cordobatimes.com\/showup\/?p=84388"},"modified":"2020-04-23T11:13:32","modified_gmt":"2020-04-23T14:13:32","slug":"toxico-la-pelicula-argentina-que-se-adelanto-a-la-pandemia-se-podra-ver-online","status":"publish","type":"post","link":"https:\/\/www.cordobatimes.com\/showup\/cine-y-series\/2020\/04\/23\/toxico-la-pelicula-argentina-que-se-adelanto-a-la-pandemia-se-podra-ver-online\/","title":{"rendered":"\u00abT\u00f3xico\u00bb, la pel\u00edcula argentina que se adelant\u00f3 a la pandemia se podr\u00e1 ver online"},"content":{"rendered":"<h3><strong>El filme nacional que anticip\u00f3 este presente de aislamiento.<\/strong><\/h3>\n<p>La pel\u00edcula argentina\u00a0\u00abT\u00f3xico\u00bb\u00a0tendr\u00e1 su estreno oficial este\u00a0jueves 23 y el s\u00e1bado 25 de abril a las 20 por Cine.Ar TV y en la plataforma Cine.Ar Play.<\/p>\n<p>El filme dirigido por Ariel Mart\u00ednez Herrera y con los protag\u00f3nicos de Agust\u00edn Rittano y Jazm\u00edn Stuart, indaga en un historia que anticipa los hechos que vivimos actualmente por la pandemia del Covid-9.<\/p>\n<p>En medio de una pandemia de insomnio que cobra lentamente dimensiones catastr\u00f3ficas, una pareja huye de la ciudad en su motorhome para alejarse del caos, pero a medida que avanzan por la ruta, el mundo se vuelve un lugar cada vez m\u00e1s extra\u00f1o y peligroso. El camino se va despoblando, el silencio crece, cada vez resulta m\u00e1s dif\u00edcil diferenciar la realidad del ensue\u00f1o, hasta que finalmente la mujer revela una noticia que lo cambia todo.<\/p>\n<p>El gui\u00f3n pertenece a Ariel Mart\u00ednez Herrera, Luz Orlando Brennan, Lautaro N\u00fa\u00f1ez de Arco, Santiago La Rosa y Santiago Podest\u00e1, con asesoramiento de Emiliano Aguerreberry, fotograf\u00eda de Eric Elizondo, asistencia de direcci\u00f3n de Vicente Basilli y jefatura de producci\u00f3n de Paula Alejandra Sinjovich.<\/p>\n<p>Entre otros act\u00faan Alejandro Jovic, Mart\u00edn Garabal, Lucila Mangone, Marcelo D\u2019Andrea, Jorge Roberto Prado, Marcelo Minnino, Sebasti\u00e1n Carbone, Gabriel Horacio Pallero, Jes\u00fa Claudio Molvino y Lucila Garay.<\/p>\n<p><img alt=\"\" loading=\"lazy\" decoding=\"async\" class=\"alignnone wp-image-84390 size-full\" src=\"https:\/\/www.cordobatimes.com\/showup\/wp-content\/uploads\/2020\/04\/4445662.jpg\" alt=\"\" width=\"414\" height=\"620\" srcset=\"https:\/\/www.cordobatimes.com\/showup\/wp-content\/uploads\/2020\/04\/4445662.jpg 414w, https:\/\/www.cordobatimes.com\/showup\/wp-content\/uploads\/2020\/04\/4445662-280x420.jpg 280w\" sizes=\"auto, (max-width: 414px) 100vw, 414px\" \/><\/p>\n<p><iframe loading=\"lazy\" width=\"560\" height=\"315\" src=\"https:\/\/www.youtube.com\/embed\/8bvHFvNBZQc\" frameborder=\"0\" allow=\"accelerometer; autoplay; encrypted-media; gyroscope; picture-in-picture\" allowfullscreen><\/iframe><\/p>\n","protected":false},"excerpt":{"rendered":"<p>El filme nacional que anticip\u00f3 este presente de aislamiento. La pel\u00edcula argentina\u00a0\u00abT\u00f3xico\u00bb\u00a0tendr\u00e1 su estreno oficial este\u00a0jueves 23 y el s\u00e1bado 25 de abril a las 20 por Cine.Ar TV y en la plataforma Cine.Ar Play. El filme dirigido por Ariel Mart\u00ednez Herrera y con los protag\u00f3nicos de Agust\u00edn Rittano y Jazm\u00edn Stuart, indaga en un [&hellip;]<\/p>\n","protected":false},"author":1,"featured_media":84389,"comment_status":"closed","ping_status":"closed","sticky":false,"template":"","format":"standard","meta":{"_seopress_robots_primary_cat":"","_seopress_titles_title":"","_seopress_titles_desc":"","_seopress_robots_index":"","footnotes":""},"categories":[3],"tags":[31014,31013],"class_list":{"0":"post-84388","1":"post","2":"type-post","3":"status-publish","4":"format-standard","5":"has-post-thumbnail","7":"category-cine-y-series","8":"tag-toxicola-pelicula-argentina-que-se-adelanto-a-la-pandemia","9":"tag-pelicula-argentina-que-se-adelanto-a-la-pandemia"},"_links":{"self":[{"href":"https:\/\/www.cordobatimes.com\/showup\/wp-json\/wp\/v2\/posts\/84388","targetHints":{"allow":["GET"]}}],"collection":[{"href":"https:\/\/www.cordobatimes.com\/showup\/wp-json\/wp\/v2\/posts"}],"about":[{"href":"https:\/\/www.cordobatimes.com\/showup\/wp-json\/wp\/v2\/types\/post"}],"author":[{"embeddable":true,"href":"https:\/\/www.cordobatimes.com\/showup\/wp-json\/wp\/v2\/users\/1"}],"replies":[{"embeddable":true,"href":"https:\/\/www.cordobatimes.com\/showup\/wp-json\/wp\/v2\/comments?post=84388"}],"version-history":[{"count":0,"href":"https:\/\/www.cordobatimes.com\/showup\/wp-json\/wp\/v2\/posts\/84388\/revisions"}],"wp:featuredmedia":[{"embeddable":true,"href":"https:\/\/www.cordobatimes.com\/showup\/wp-json\/wp\/v2\/media\/84389"}],"wp:attachment":[{"href":"https:\/\/www.cordobatimes.com\/showup\/wp-json\/wp\/v2\/media?parent=84388"}],"wp:term":[{"taxonomy":"category","embeddable":true,"href":"https:\/\/www.cordobatimes.com\/showup\/wp-json\/wp\/v2\/categories?post=84388"},{"taxonomy":"post_tag","embeddable":true,"href":"https:\/\/www.cordobatimes.com\/showup\/wp-json\/wp\/v2\/tags?post=84388"}],"curies":[{"name":"wp","href":"https:\/\/api.w.org\/{rel}","templated":true}]}}