{"id":84217,"date":"2020-04-20T11:13:47","date_gmt":"2020-04-20T14:13:47","guid":{"rendered":"https:\/\/www.cordobatimes.com\/showup\/?p=84217"},"modified":"2020-04-20T11:13:47","modified_gmt":"2020-04-20T14:13:47","slug":"este-jueves-se-estrena-toxico-la-pelicula-argentina-que-anticipo-la-pandemia","status":"publish","type":"post","link":"https:\/\/www.cordobatimes.com\/showup\/cine-y-series\/2020\/04\/20\/este-jueves-se-estrena-toxico-la-pelicula-argentina-que-anticipo-la-pandemia\/","title":{"rendered":"Este jueves se estrena \u00abT\u00f3xico\u00bb, la pel\u00edcula argentina que anticip\u00f3 la pandemia"},"content":{"rendered":"<h3><strong>El filme argentino que anticip\u00f3 este presente de aislamiento y de barbijo obligatorio.<\/strong><\/h3>\n<p>La presencia de barbijos, filas de aprovisionamiento en supermercados, sirenas de fondo, controles de la Polic\u00eda, aislamiento, saqueos y noticieros exaltados impacta y fuerza una inversi\u00f3n insospechada: su mundo proyecta el presente inmediato y no el futuro cercano. En ese sentido, los hechos provocaron que su etiqueta mutara de fant\u00e1stica a realista.<\/p>\n<p>El resquicio sobrenatural permanece en su premisa: una plaga de insomnio ataca a la humanidad, que comienza a aniquilarse por el infierno de la ausencia de sue\u00f1o. Pero el fresco social alarmante deja paso pronto a la convivencia \u00edntima de Laura (Jazm\u00edn Stuart) y Augusto (Agust\u00edn Ritanno), pareja porte\u00f1a que emprende un viaje de ruta en\u00a0motorhome\u00a0en busca de un escenario mejor.<\/p>\n<p><iframe loading=\"lazy\" src=\"https:\/\/api.vodgc.net\/player\/v2\/embed\/playerId\/1FMX3V1500998386\/contentId\/915792#amp=1\" width=\"650\" height=\"390\" frameborder=\"0\" scrolling=\"no\" allowfullscreen=\"allowfullscreen\"><\/iframe><\/p>\n","protected":false},"excerpt":{"rendered":"<p>El filme argentino que anticip\u00f3 este presente de aislamiento y de barbijo obligatorio. La presencia de barbijos, filas de aprovisionamiento en supermercados, sirenas de fondo, controles de la Polic\u00eda, aislamiento, saqueos y noticieros exaltados impacta y fuerza una inversi\u00f3n insospechada: su mundo proyecta el presente inmediato y no el futuro cercano. En ese sentido, los [&hellip;]<\/p>\n","protected":false},"author":1,"featured_media":84218,"comment_status":"closed","ping_status":"closed","sticky":false,"template":"","format":"standard","meta":{"_seopress_robots_primary_cat":"","_seopress_titles_title":"","_seopress_titles_desc":"","_seopress_robots_index":"","footnotes":""},"categories":[3],"tags":[30951,30950,30949],"class_list":{"0":"post-84217","1":"post","2":"type-post","3":"status-publish","4":"format-standard","5":"has-post-thumbnail","7":"category-cine-y-series","8":"tag-jazmin-stuart-y-agustin-ritanno","9":"tag-toxico-la-pelicula-argentina-que-anticipo-la-pandemia","10":"tag-trailer-de-toxico"},"_links":{"self":[{"href":"https:\/\/www.cordobatimes.com\/showup\/wp-json\/wp\/v2\/posts\/84217","targetHints":{"allow":["GET"]}}],"collection":[{"href":"https:\/\/www.cordobatimes.com\/showup\/wp-json\/wp\/v2\/posts"}],"about":[{"href":"https:\/\/www.cordobatimes.com\/showup\/wp-json\/wp\/v2\/types\/post"}],"author":[{"embeddable":true,"href":"https:\/\/www.cordobatimes.com\/showup\/wp-json\/wp\/v2\/users\/1"}],"replies":[{"embeddable":true,"href":"https:\/\/www.cordobatimes.com\/showup\/wp-json\/wp\/v2\/comments?post=84217"}],"version-history":[{"count":0,"href":"https:\/\/www.cordobatimes.com\/showup\/wp-json\/wp\/v2\/posts\/84217\/revisions"}],"wp:featuredmedia":[{"embeddable":true,"href":"https:\/\/www.cordobatimes.com\/showup\/wp-json\/wp\/v2\/media\/84218"}],"wp:attachment":[{"href":"https:\/\/www.cordobatimes.com\/showup\/wp-json\/wp\/v2\/media?parent=84217"}],"wp:term":[{"taxonomy":"category","embeddable":true,"href":"https:\/\/www.cordobatimes.com\/showup\/wp-json\/wp\/v2\/categories?post=84217"},{"taxonomy":"post_tag","embeddable":true,"href":"https:\/\/www.cordobatimes.com\/showup\/wp-json\/wp\/v2\/tags?post=84217"}],"curies":[{"name":"wp","href":"https:\/\/api.w.org\/{rel}","templated":true}]}}