{"id":84042,"date":"2020-04-17T11:06:57","date_gmt":"2020-04-17T14:06:57","guid":{"rendered":"https:\/\/www.cordobatimes.com\/showup\/?p=84042"},"modified":"2020-04-17T11:06:57","modified_gmt":"2020-04-17T14:06:57","slug":"un-corto-cordobes-fue-seleccionado-para-el-festival-mas-prestigioso-en-el-mundo-de-la-animacion","status":"publish","type":"post","link":"https:\/\/www.cordobatimes.com\/showup\/cine-y-series\/2020\/04\/17\/un-corto-cordobes-fue-seleccionado-para-el-festival-mas-prestigioso-en-el-mundo-de-la-animacion\/","title":{"rendered":"Un corto cordob\u00e9s fue seleccionado para el Festival m\u00e1s prestigioso en el mundo de la animaci\u00f3n"},"content":{"rendered":"<h3><strong>Debido a la pandemia, este a\u00f1o el festival se llevar\u00e1 a cabo en formato online.\u00a0<\/strong><\/h3>\n<p>Una gran noticia para el cine cordob\u00e9s y especialmente el creciente mundo de la animaci\u00f3n se conoci\u00f3 por estas horas que un cortometraje \u00edntegramente realizado en la provincia fue seleccionado para el Festival de Annecy, uno de los m\u00e1s prestigiosos del planeta en ese rubro.<\/p>\n<p>Se trata de\u00a0Cucaracha, una realizaci\u00f3n en stop motion y 2D que cuenta con direcci\u00f3n y animaci\u00f3n de\u00a0Agust\u00edn Touri\u00f1o\u00a0y producci\u00f3n de Emanuel Guti\u00e9rrez. El corto fue escrito por Mat\u00edas Deon, Exequiel Ayala y el propio Touri\u00f1o.<\/p>\n<p><iframe loading=\"lazy\" title=\"vimeo-player\" src=\"https:\/\/player.vimeo.com\/video\/391509437\" width=\"640\" height=\"360\" frameborder=\"0\" allowfullscreen=\"allowfullscreen\"><\/iframe><\/p>\n<p>El trabajo fue producido con el apoyo del Fondo Nacional de las Artes (gan\u00f3 la beca en 2015), el Polo Audiovisual de Cordoba (se adjudic\u00f3 un concurso en 2017 para la producci\u00f3n del mismo) y la Universidad Nacional de Cordoba, ya que es un trabajo final de grado de dicha instituci\u00f3n.<\/p>\n<p>El cortometraje result\u00f3 seleccionado en la secci\u00f3n \u00abGraduation Short Films in Competition\u00bb del Festival international du film d&#8217;animation d&#8217;Annecy, previsto entre el 15 y el 30 de junio en la ciudad francesa con el mismo nombre. Esta edici\u00f3n 2020 del evento ser\u00e1 in\u00e9dita, ya que se llevar\u00e1 cabo en formato online debido a la pandemia del coronavirus.<\/p>\n<p>El corto, de 13 minutos de duraci\u00f3n, cuenta la historia de Gregorio, un obrero de una f\u00e1brica que tiene una vida uniforme hasta que un d\u00eda aparece una cucaracha en su despensa y \u00e9l ve la posibilidad de cambiar su vida. Seg\u00fan se desprende del dossier, est\u00e1 inspirado en La metaforfosis, el c\u00e9lebre relato de Franz Kafka.<\/p>\n<p>\u00abGregorio es uno m\u00e1s en la ciudad. Vive solo en un peque\u00f1o departamento donde no ingresa luz del sol. Trabaja en la f\u00e1brica, vuelve a la casa y cena frente a un imponente televisor. Un d\u00eda al llegar del trabajo descubre que una peque\u00f1a Cucaracha le roba comida de la despensa. En lugar de matarla, Gregorio se apiada y la adopta como compa\u00f1era de casa. La cucaracha crece bajo una estricta disciplina y Gregorio ya no se siente solo. En la convivencia ella se transforma en su espejo\u00bb, dice la sinopsis.<\/p>\n","protected":false},"excerpt":{"rendered":"<p>Debido a la pandemia, este a\u00f1o el festival se llevar\u00e1 a cabo en formato online.\u00a0 Una gran noticia para el cine cordob\u00e9s y especialmente el creciente mundo de la animaci\u00f3n se conoci\u00f3 por estas horas que un cortometraje \u00edntegramente realizado en la provincia fue seleccionado para el Festival de Annecy, uno de los m\u00e1s prestigiosos [&hellip;]<\/p>\n","protected":false},"author":1,"featured_media":84043,"comment_status":"closed","ping_status":"closed","sticky":false,"template":"","format":"standard","meta":{"_seopress_robots_primary_cat":"","_seopress_titles_title":"","_seopress_titles_desc":"","_seopress_robots_index":"","footnotes":""},"categories":[3],"tags":[30889,30887,30888],"class_list":{"0":"post-84042","1":"post","2":"type-post","3":"status-publish","4":"format-standard","5":"has-post-thumbnail","7":"category-cine-y-series","8":"tag-corto-cordobes-cucaracha","9":"tag-corto-cordobes-festival-de-animacion","10":"tag-corto-cordobes-fue-seleccionado-para-el-festival-de-annecy"},"_links":{"self":[{"href":"https:\/\/www.cordobatimes.com\/showup\/wp-json\/wp\/v2\/posts\/84042","targetHints":{"allow":["GET"]}}],"collection":[{"href":"https:\/\/www.cordobatimes.com\/showup\/wp-json\/wp\/v2\/posts"}],"about":[{"href":"https:\/\/www.cordobatimes.com\/showup\/wp-json\/wp\/v2\/types\/post"}],"author":[{"embeddable":true,"href":"https:\/\/www.cordobatimes.com\/showup\/wp-json\/wp\/v2\/users\/1"}],"replies":[{"embeddable":true,"href":"https:\/\/www.cordobatimes.com\/showup\/wp-json\/wp\/v2\/comments?post=84042"}],"version-history":[{"count":0,"href":"https:\/\/www.cordobatimes.com\/showup\/wp-json\/wp\/v2\/posts\/84042\/revisions"}],"wp:featuredmedia":[{"embeddable":true,"href":"https:\/\/www.cordobatimes.com\/showup\/wp-json\/wp\/v2\/media\/84043"}],"wp:attachment":[{"href":"https:\/\/www.cordobatimes.com\/showup\/wp-json\/wp\/v2\/media?parent=84042"}],"wp:term":[{"taxonomy":"category","embeddable":true,"href":"https:\/\/www.cordobatimes.com\/showup\/wp-json\/wp\/v2\/categories?post=84042"},{"taxonomy":"post_tag","embeddable":true,"href":"https:\/\/www.cordobatimes.com\/showup\/wp-json\/wp\/v2\/tags?post=84042"}],"curies":[{"name":"wp","href":"https:\/\/api.w.org\/{rel}","templated":true}]}}