{"id":83873,"date":"2020-04-15T20:16:35","date_gmt":"2020-04-15T23:16:35","guid":{"rendered":"https:\/\/www.cordobatimes.com\/showup\/?p=83873"},"modified":"2020-04-15T20:16:35","modified_gmt":"2020-04-15T23:16:35","slug":"los-protagonistas-de-high-school-musical-se-juntan-para-cantar-were-all-in-this-together","status":"publish","type":"post","link":"https:\/\/www.cordobatimes.com\/showup\/cine-y-series\/2020\/04\/15\/los-protagonistas-de-high-school-musical-se-juntan-para-cantar-were-all-in-this-together\/","title":{"rendered":"Los protagonistas de High School Musical se juntan para cantar  \u00abWe&#8217;re All In This Together\u00bb"},"content":{"rendered":"<h3><strong>El encuentro ser\u00e1 transmitido en \u00a0vivo en Estados Unidos y luego subido a las redes sociales de los protagonistas de la m\u00edtica pel\u00edcula de disney.<\/strong><\/h3>\n<p>Zac Efron, Vanessa Hudgens , Ashley Tisdale, Corbin Bleu, Monique Coleman y Lucas Grabeel protagonistas de las tres populares pel\u00edculas de Disney Channel \u00abHigh School Musical\u00bb, confirmaron que participar\u00e1n este jueves de un especial televisivo que se emitir\u00e1 en Estados Unidos para levantar los \u00e1nimos durante la cuarentena.<\/p>\n<p>Se trata de una propuesta similar a la que se llevar\u00e1 a cabo este jueves a las 22 en Latinoam\u00e9rica a trav\u00e9s de Radio Disney y todos los canales propiedad Disney, con la conducci\u00f3n de Ricardo Montaner y la participaci\u00f3n de estrellas de la canci\u00f3n en espa\u00f1ol, entre los que se encuentran Diego Torres, La Sole, Tini, Lali y Abel Pintos.<\/p>\n<p>En este caso, las\u00a0 figuras de High School Musical se unir\u00e1n\u00a0 y juntos cantar\u00e1n cada uno desde sus casas \u00abWe&#8217;re All In This Together\u00bb, informaron medios especializados estadounidenses.<\/p>\n<p>La canci\u00f3n se convirti\u00f3 en una suerte de himno de los trabajadores de salud en Estados Unidos, que se graban cant\u00e1ndola y haciendo coreograf\u00edas en las redes sociales.<\/p>\n","protected":false},"excerpt":{"rendered":"<p>El encuentro ser\u00e1 transmitido en \u00a0vivo en Estados Unidos y luego subido a las redes sociales de los protagonistas de la m\u00edtica pel\u00edcula de disney. Zac Efron, Vanessa Hudgens , Ashley Tisdale, Corbin Bleu, Monique Coleman y Lucas Grabeel protagonistas de las tres populares pel\u00edculas de Disney Channel \u00abHigh School Musical\u00bb, confirmaron que participar\u00e1n este [&hellip;]<\/p>\n","protected":false},"author":1,"featured_media":83874,"comment_status":"closed","ping_status":"closed","sticky":false,"template":"","format":"standard","meta":{"_seopress_robots_primary_cat":"","_seopress_titles_title":"","_seopress_titles_desc":"","_seopress_robots_index":"","footnotes":""},"categories":[3],"tags":[30833,30832],"class_list":{"0":"post-83873","1":"post","2":"type-post","3":"status-publish","4":"format-standard","5":"has-post-thumbnail","7":"category-cine-y-series","8":"tag-high-school-musical-were-all-in-this-together","9":"tag-protagonistas-de-high-school-musical"},"_links":{"self":[{"href":"https:\/\/www.cordobatimes.com\/showup\/wp-json\/wp\/v2\/posts\/83873","targetHints":{"allow":["GET"]}}],"collection":[{"href":"https:\/\/www.cordobatimes.com\/showup\/wp-json\/wp\/v2\/posts"}],"about":[{"href":"https:\/\/www.cordobatimes.com\/showup\/wp-json\/wp\/v2\/types\/post"}],"author":[{"embeddable":true,"href":"https:\/\/www.cordobatimes.com\/showup\/wp-json\/wp\/v2\/users\/1"}],"replies":[{"embeddable":true,"href":"https:\/\/www.cordobatimes.com\/showup\/wp-json\/wp\/v2\/comments?post=83873"}],"version-history":[{"count":0,"href":"https:\/\/www.cordobatimes.com\/showup\/wp-json\/wp\/v2\/posts\/83873\/revisions"}],"wp:featuredmedia":[{"embeddable":true,"href":"https:\/\/www.cordobatimes.com\/showup\/wp-json\/wp\/v2\/media\/83874"}],"wp:attachment":[{"href":"https:\/\/www.cordobatimes.com\/showup\/wp-json\/wp\/v2\/media?parent=83873"}],"wp:term":[{"taxonomy":"category","embeddable":true,"href":"https:\/\/www.cordobatimes.com\/showup\/wp-json\/wp\/v2\/categories?post=83873"},{"taxonomy":"post_tag","embeddable":true,"href":"https:\/\/www.cordobatimes.com\/showup\/wp-json\/wp\/v2\/tags?post=83873"}],"curies":[{"name":"wp","href":"https:\/\/api.w.org\/{rel}","templated":true}]}}