{"id":83762,"date":"2020-04-14T12:50:20","date_gmt":"2020-04-14T15:50:20","guid":{"rendered":"https:\/\/www.cordobatimes.com\/showup\/?p=83762"},"modified":"2020-04-14T12:50:20","modified_gmt":"2020-04-14T15:50:20","slug":"trabajadores-y-artistas-de-la-musica-advierten-que-su-industria-quedara-al-borde-del-colapso","status":"publish","type":"post","link":"https:\/\/www.cordobatimes.com\/showup\/musica\/2020\/04\/14\/trabajadores-y-artistas-de-la-musica-advierten-que-su-industria-quedara-al-borde-del-colapso\/","title":{"rendered":"Trabajadores y artistas de la m\u00fasica  advierten que su industria quedar\u00e1 \u201cal borde del colapso\u201d"},"content":{"rendered":"<h3><strong>Gustavo Santaolalla, Andr\u00e9s Ciro, Natalia Oreiro, Ricardo Mollo y Soledad entre otros artistas participan en el video que busca enviar un mensaje sobre la situaci\u00f3n del sector.<\/strong><\/h3>\n<p>Alrededor de 50 artistas, entre los que destacan Gustavo Santaolalla, David Leb\u00f3n, Andr\u00e9s Ciro, Natalia Oreiro, Ricardo Mollo, Soledad y Patricia Sosa, entre otros; y trabajadores de la m\u00fasica advirtieron que el parate obligatorio por la pandemia de coronavirus dejar\u00e1 a su industria, que abarca a unas 500 mil personas, \u00abal borde del colapso\u00bb y advirtieron que las medidas de apoyo lanzadas por el Gobierno no alcanzan a gran parte de ellos.<\/p>\n<p>\u00abEste virus que nos aqueja dejar\u00e1 a nuestra industria al borde del colapso. Muchos de nosotros vivimos, al igual que miles de argentinos, de lo que producimos cada semana. El Gobierno est\u00e1 lanzando medidas de apoyo, pero por las particularidades de nuestra industria, las mismas no incluyen a la gran mayor\u00eda de los trabajadores de la m\u00fasica en vivo\u00bb, manifiestan en un video organizado por la Asociaci\u00f3n Civil de Managers Musicales Argentinos (Acmma).<\/p>\n<p>Entre las figuras que participan del mensaje tambi\u00e9n se encuentran Lito Vitale; Miss Bolivia; Cazzu; Lali Esp\u00f3sito; Tet\u00e9 Iglesias, de La Renga; Emiliano Brancciari, de No Te Va Gustar; Amelita Baltar; Walas, de Massacre; Mateo Sujatovich; Kevin Johansen; Hern\u00e1n Catt\u00e1neo; Marcela Morello; Juanchi Baleir\u00f3n, de Los Pericos; Hern\u00e1n Coronel, de Mala Fama; Kike Teruel, de Los Nocheros; Dani Su\u00e1rez, de La Bersuit; Carolina Peleritti; Feli Colina y Agust\u00edn Cuadrado, de Los Caligaris.<\/p>\n<p>Tambi\u00e9n aparecen managers, agentes de prensa, productores, iluminadores, transportistas, ingenieros de grabaci\u00f3n y due\u00f1os de salones.<\/p>\n<p>En el video, que tiene como m\u00fasica de fondo las canciones Rezo por vos , de Charly Garc\u00eda y Luis Alberto Spinetta; y Zona de promesas, de Gustavo Cerati, en la versi\u00f3n registrada por Mercedes Sosa, se destacan las bondades de la m\u00fasica y de su presencia en la vida de las personas.<\/p>\n<p>Tambi\u00e9n se hace hincapi\u00e9 en la importancia de acatar la orden de reclusi\u00f3n para evitar la circulaci\u00f3n del virus que afecta a gran parte del mundo.<\/p>\n<p>Sin embargo, se recuerda que \u00ablos recitales fueron una de las primeras actividades suspendidas y es m\u00e1s que probable que sea de las \u00faltimas en activarse\u00bb.<\/p>\n<p>Acto seguido, se enumeran las distintas actividades comprometidas en la industria, entre las que adem\u00e1s de los t\u00e9cnicos, managers, productores y transportistas, se incluyen las realizadas por boleteros, acomodadores, personal de control y seguridad y fabricantes y vendedores de merchandising.<\/p>\n<p>\u00abHoy sabemos que la prioridad es la salud. Ya habr\u00e1 tiempo de visibilizar nuestra delicada situaci\u00f3n. Cuando todo mejore, volveremos a compartir esos momentos m\u00e1gicos, maravillosos, indescriptibles de un show en vivo. Todos queremos estar ah\u00ed\u00bb, concluye el mensaje.<\/p>\n<p><iframe loading=\"lazy\" src=\"https:\/\/api.vodgc.net\/player\/v2\/embed\/playerId\/1FMX3V1500998386\/contentId\/912761#amp=1\" width=\"650\" height=\"390\" frameborder=\"0\" scrolling=\"no\" allowfullscreen=\"allowfullscreen\"><\/iframe><\/p>\n","protected":false},"excerpt":{"rendered":"<p>Gustavo Santaolalla, Andr\u00e9s Ciro, Natalia Oreiro, Ricardo Mollo y Soledad entre otros artistas participan en el video que busca enviar un mensaje sobre la situaci\u00f3n del sector. Alrededor de 50 artistas, entre los que destacan Gustavo Santaolalla, David Leb\u00f3n, Andr\u00e9s Ciro, Natalia Oreiro, Ricardo Mollo, Soledad y Patricia Sosa, entre otros; y trabajadores de la [&hellip;]<\/p>\n","protected":false},"author":1,"featured_media":83763,"comment_status":"closed","ping_status":"closed","sticky":false,"template":"","format":"standard","meta":{"_seopress_robots_primary_cat":"","_seopress_titles_title":"","_seopress_titles_desc":"","_seopress_robots_index":"","footnotes":""},"categories":[5],"tags":[30798],"class_list":{"0":"post-83762","1":"post","2":"type-post","3":"status-publish","4":"format-standard","5":"has-post-thumbnail","7":"category-musica","8":"tag-industria-de-la-musica-coronavirus"},"_links":{"self":[{"href":"https:\/\/www.cordobatimes.com\/showup\/wp-json\/wp\/v2\/posts\/83762","targetHints":{"allow":["GET"]}}],"collection":[{"href":"https:\/\/www.cordobatimes.com\/showup\/wp-json\/wp\/v2\/posts"}],"about":[{"href":"https:\/\/www.cordobatimes.com\/showup\/wp-json\/wp\/v2\/types\/post"}],"author":[{"embeddable":true,"href":"https:\/\/www.cordobatimes.com\/showup\/wp-json\/wp\/v2\/users\/1"}],"replies":[{"embeddable":true,"href":"https:\/\/www.cordobatimes.com\/showup\/wp-json\/wp\/v2\/comments?post=83762"}],"version-history":[{"count":0,"href":"https:\/\/www.cordobatimes.com\/showup\/wp-json\/wp\/v2\/posts\/83762\/revisions"}],"wp:featuredmedia":[{"embeddable":true,"href":"https:\/\/www.cordobatimes.com\/showup\/wp-json\/wp\/v2\/media\/83763"}],"wp:attachment":[{"href":"https:\/\/www.cordobatimes.com\/showup\/wp-json\/wp\/v2\/media?parent=83762"}],"wp:term":[{"taxonomy":"category","embeddable":true,"href":"https:\/\/www.cordobatimes.com\/showup\/wp-json\/wp\/v2\/categories?post=83762"},{"taxonomy":"post_tag","embeddable":true,"href":"https:\/\/www.cordobatimes.com\/showup\/wp-json\/wp\/v2\/tags?post=83762"}],"curies":[{"name":"wp","href":"https:\/\/api.w.org\/{rel}","templated":true}]}}