{"id":83759,"date":"2020-04-14T10:58:04","date_gmt":"2020-04-14T13:58:04","guid":{"rendered":"https:\/\/www.cordobatimes.com\/showup\/?p=83759"},"modified":"2020-04-14T10:58:04","modified_gmt":"2020-04-14T13:58:04","slug":"disney-evalua-producir-la-sexta-pelicula-de-piratas-del-caribe","status":"publish","type":"post","link":"https:\/\/www.cordobatimes.com\/showup\/cine-y-series\/2020\/04\/14\/disney-evalua-producir-la-sexta-pelicula-de-piratas-del-caribe\/","title":{"rendered":"Disney eval\u00faa producir la sexta pel\u00edcula  de \u00abPiratas del Caribe\u00bb"},"content":{"rendered":"<h3><strong>A tres a\u00f1os de la \u00faltima entrega de la saga sobre las aventuras en alta mar, la productora se propone volver al rodaje.<\/strong><\/h3>\n<p>La historia de Jack Sparrow, Elisabeth y el Capit\u00e1n Barbossa cautiv\u00f3 a miles de espectadores en 2003 con el lanzamiento de \u00abPiratas del Caribe, la maldici\u00f3n del Perla Negra\u00bb. A\u00f1os m\u00e1s tarde, Disney complet\u00f3 la saga con otras cuatro pel\u00edculas y ahora eval\u00faa continuar la historia con un nuevo lanzamiento.<\/p>\n<p>En tiempos de pandemia por el coronavirus, la industria del cine y el espect\u00e1culo est\u00e1 paralizada, sin embargo la productora piensa la idea de retomar con las grabaciones y promover un nuevo proyecto sobre las aventuras de los fuertes piratas en alta mar con una sexta pel\u00edcula.<\/p>\n<p>\u00abHasta lo que s\u00e9, est\u00e1n hablando sobre eso\u00bb, confirm\u00f3\u00a0Lee Arenberg\u00a0quien interpret\u00f3\u00a0al bucanero Pintel en las primeras tres entregas. Adem\u00e1s asegur\u00f3 que le gustar\u00eda volver a formar parte del elenco de la ficci\u00f3n ya que en las \u00faltimas emisiones su personaje no ha participado.<\/p>\n<p>En una entrevista con Kendall Talks TV el actor exclam\u00f3: \u00abS\u00ed. Por supuesto, obviamente. Pero ya han hecho dos\u00a0sin nosotros. Me encanta. Me encanta ese papel\u00bb,\u00a0en referencia a su colega\u00a0Mackenzie Crook\u00a0quien se puso en la piel del pirata tuerto Ragetti.<\/p>\n<p>De todas formas los papeles todav\u00eda no est\u00e1n definidos, incluso tampoco est\u00e1 confirmada la participaci\u00f3n de\u00a0Johnny Depp\u00a0como Sparrow.<\/p>\n","protected":false},"excerpt":{"rendered":"<p>A tres a\u00f1os de la \u00faltima entrega de la saga sobre las aventuras en alta mar, la productora se propone volver al rodaje. La historia de Jack Sparrow, Elisabeth y el Capit\u00e1n Barbossa cautiv\u00f3 a miles de espectadores en 2003 con el lanzamiento de \u00abPiratas del Caribe, la maldici\u00f3n del Perla Negra\u00bb. A\u00f1os m\u00e1s tarde, [&hellip;]<\/p>\n","protected":false},"author":1,"featured_media":83760,"comment_status":"closed","ping_status":"closed","sticky":false,"template":"","format":"standard","meta":{"_seopress_robots_primary_cat":"","_seopress_titles_title":"","_seopress_titles_desc":"","_seopress_robots_index":"","footnotes":""},"categories":[3],"tags":[30796,30797,30795],"class_list":{"0":"post-83759","1":"post","2":"type-post","3":"status-publish","4":"format-standard","5":"has-post-thumbnail","7":"category-cine-y-series","8":"tag-disney-piratas-del-caribe","9":"tag-johnny-depp-piratas-del-caribe","10":"tag-sexta-pelicula-de-piratas-del-caribe"},"_links":{"self":[{"href":"https:\/\/www.cordobatimes.com\/showup\/wp-json\/wp\/v2\/posts\/83759","targetHints":{"allow":["GET"]}}],"collection":[{"href":"https:\/\/www.cordobatimes.com\/showup\/wp-json\/wp\/v2\/posts"}],"about":[{"href":"https:\/\/www.cordobatimes.com\/showup\/wp-json\/wp\/v2\/types\/post"}],"author":[{"embeddable":true,"href":"https:\/\/www.cordobatimes.com\/showup\/wp-json\/wp\/v2\/users\/1"}],"replies":[{"embeddable":true,"href":"https:\/\/www.cordobatimes.com\/showup\/wp-json\/wp\/v2\/comments?post=83759"}],"version-history":[{"count":0,"href":"https:\/\/www.cordobatimes.com\/showup\/wp-json\/wp\/v2\/posts\/83759\/revisions"}],"wp:featuredmedia":[{"embeddable":true,"href":"https:\/\/www.cordobatimes.com\/showup\/wp-json\/wp\/v2\/media\/83760"}],"wp:attachment":[{"href":"https:\/\/www.cordobatimes.com\/showup\/wp-json\/wp\/v2\/media?parent=83759"}],"wp:term":[{"taxonomy":"category","embeddable":true,"href":"https:\/\/www.cordobatimes.com\/showup\/wp-json\/wp\/v2\/categories?post=83759"},{"taxonomy":"post_tag","embeddable":true,"href":"https:\/\/www.cordobatimes.com\/showup\/wp-json\/wp\/v2\/tags?post=83759"}],"curies":[{"name":"wp","href":"https:\/\/api.w.org\/{rel}","templated":true}]}}